{"id":2949480,"date":"2022-12-15T21:01:45","date_gmt":"2022-12-16T05:01:45","guid":{"rendered":"https:\/\/agpnoticias.com\/news\/?p=2949480"},"modified":"2022-12-15T21:01:48","modified_gmt":"2022-12-16T05:01:48","slug":"hugo-lloris-portero-de-francia-podria-ser-el-primer-capitan-en-levantar-la-copa-dos-veces","status":"publish","type":"post","link":"https:\/\/agpnoticias.com\/news\/?p=2949480","title":{"rendered":"Hugo Lloris, portero de Francia, podr\u00eda ser el primer capit\u00e1n en levantar la copa dos veces"},"content":{"rendered":"\n\n\n<p>Doha, Catar.- La semana pasada, Hugo Lloris tuvo que lidiar con algunas preguntas dif\u00edciles en la conferencia de prensa previa al partido contra Inglaterra. Un compatriota suyo quer\u00eda saber su opini\u00f3n sobre el hecho de que los medios ingleses lo retrataran como el punto d\u00e9bil de Francia. Apoy\u00e1ndose en toda su experiencia como capit\u00e1n, el portero de 35 a\u00f1os no cay\u00f3 en la trampa.<\/p>\n<p>\u201cNo tengo ning\u00fan mensaje para sus medios. Prefiero hablar en el campo. No necesitamos ninguna motivaci\u00f3n extra\u201d, dijo.<\/p>\n<p>Ahora, mientras se prepara para su segunda final consecutiva de la Copa Mundial de la FIFA con Les Bleus, Lloris puede prepararse para preguntas sobre un tema mucho m\u00e1s agradable, de car\u00e1cter hist\u00f3rico. Despu\u00e9s de que Francia elimin\u00f3 a Marruecos, el veterano puede convertirse en el primer capit\u00e1n de una selecci\u00f3n nacional en levantar el codiciado trofeo por segunda vez.<\/p>\n<p>Ser\u00eda otro momento de \u00e9xtasis para un jugador que luce el brazalete de Francia por tercera Copa del Mundo consecutiva. Podr\u00eda decirse que Qatar 2022 es el torneo en el que ha estado en su mejor momento, con actuaciones fant\u00e1sticas, especialmente en los cuartos de final y semifinales contra Inglaterra y Marruecos, respectivamente.<\/p>\n<p>\u201cTuvimos que cavar profundo. Estamos agotados, pero estamos felices. Nos hemos dado una oportunidad de oro para ser parte de la historia de Francia. Es nuestra segunda final [de la Copa del Mundo] en cuatro a\u00f1os\u201d, dijo el arquero tras el triunfo sobre la naci\u00f3n africana.<\/p>\n<p><em>Informaci\u00f3n: FIFA.<\/em><\/p>\n","protected":false},"excerpt":{"rendered":"","protected":false},"author":1,"featured_media":2949481,"comment_status":"open","ping_status":"closed","sticky":false,"template":"","format":"standard","meta":{"footnotes":""},"categories":[32,1122],"tags":[595],"class_list":["post-2949480","post","type-post","status-publish","format-standard","has-post-thumbnail","hentry","category-soccer","category-mundial-qatar-2022","tag-destacado"],"_links":{"self":[{"href":"https:\/\/agpnoticias.com\/news\/index.php?rest_route=\/wp\/v2\/posts\/2949480","targetHints":{"allow":["GET"]}}],"collection":[{"href":"https:\/\/agpnoticias.com\/news\/index.php?rest_route=\/wp\/v2\/posts"}],"about":[{"href":"https:\/\/agpnoticias.com\/news\/index.php?rest_route=\/wp\/v2\/types\/post"}],"author":[{"embeddable":true,"href":"https:\/\/agpnoticias.com\/news\/index.php?rest_route=\/wp\/v2\/users\/1"}],"replies":[{"embeddable":true,"href":"https:\/\/agpnoticias.com\/news\/index.php?rest_route=%2Fwp%2Fv2%2Fcomments&post=2949480"}],"version-history":[{"count":1,"href":"https:\/\/agpnoticias.com\/news\/index.php?rest_route=\/wp\/v2\/posts\/2949480\/revisions"}],"predecessor-version":[{"id":2949482,"href":"https:\/\/agpnoticias.com\/news\/index.php?rest_route=\/wp\/v2\/posts\/2949480\/revisions\/2949482"}],"wp:featuredmedia":[{"embeddable":true,"href":"https:\/\/agpnoticias.com\/news\/index.php?rest_route=\/wp\/v2\/media\/2949481"}],"wp:attachment":[{"href":"https:\/\/agpnoticias.com\/news\/index.php?rest_route=%2Fwp%2Fv2%2Fmedia&parent=2949480"}],"wp:term":[{"taxonomy":"category","embeddable":true,"href":"https:\/\/agpnoticias.com\/news\/index.php?rest_route=%2Fwp%2Fv2%2Fcategories&post=2949480"},{"taxonomy":"post_tag","embeddable":true,"href":"https:\/\/agpnoticias.com\/news\/index.php?rest_route=%2Fwp%2Fv2%2Ftags&post=2949480"}],"curies":[{"name":"wp","href":"https:\/\/api.w.org\/{rel}","templated":true}]}}