{"id":2949494,"date":"2022-12-16T09:47:54","date_gmt":"2022-12-16T17:47:54","guid":{"rendered":"https:\/\/agpnoticias.com\/news\/?p=2949494"},"modified":"2022-12-16T09:48:09","modified_gmt":"2022-12-16T17:48:09","slug":"muere-sinisa-mihajlovic-figura-serbia-de-la-serie-a","status":"publish","type":"post","link":"https:\/\/agpnoticias.com\/news\/?p=2949494","title":{"rendered":"Muere Sinisa Mihajlovic, figura serbia de la Serie A"},"content":{"rendered":"\n<p class=\"p1\"><span class=\"s1\">Roma, Italia.- El exjugador y entrenador serbio Sinisa Mihajlovic falleci\u00f3 en la capital italiana a causa de una leucemia que padec\u00eda desde 2019. Ten\u00eda 53 a\u00f1os.<\/span><\/p>\n<p class=\"p1\"><span class=\"s1\">\u201cSu esposa Arianna, con sus hijos Viktorija, Virginia, Miroslav, Dusan y Nikolas, su nieta Violante, su madre Vikyorija y su hermano Drazen, desde el dolor comunican la injusta y prematura muerte de su ejemplar esposo, padre, hijo y hermano, Sinisa Mihajlovic\u201d.<\/span><\/p>\n<p class=\"p1\"><span class=\"s1\">El serbio, caracterizado por su calidad en los disparos a bal\u00f3n parado, lleg\u00f3 en enero de 2019 por segunda vez al Bolonia como t\u00e9cnico, despu\u00e9s de que debutara como entrenador en este mismo equipo en 2008 y fuera tambi\u00e9n destituido en 2009. Fue el primer t\u00e9cnico destituido de la Serie A esta temporada, el pasado 6 de septiembre.<\/span><\/p>\n<p class=\"p1\"><span class=\"s1\">Mihajlovic se alej\u00f3 de los banquillos a mitad de la pasada campa\u00f1a debido a dicho tratamiento m\u00e9dico, pero volvi\u00f3 a dirigir un partido desde el c\u00e9sped algo m\u00e1s de un mes despu\u00e9s de haber estado ingresado en un hospital, justo para las tres \u00faltimas jornadas.<\/span><\/p>\n<p class=\"p1\"><span class=\"s1\">Su mejor puesto en la tabla fue el d\u00e9cimo, cosechado en el primer a\u00f1o de su segunda etapa, en 2019.<\/span><\/p>\n<p class=\"p1\"><span class=\"s1\">Hijo de madre croata y padre serbio, comenz\u00f3 su carrera en su Yugoslavia natal (Vukovar), en el Vojvodina, ahora equipo serbio, en 1988. Una temporada y media despu\u00e9s dio el salto al Estrella Roja de Belgrado, con el que logr\u00f3 levantar la Copa de Europa en 1991 tras derrotar al Olympique de Marsella franc\u00e9s.<\/span><\/p>\n<p class=\"p1\"><span class=\"s1\">En 1992 dio el salto a Italia, al Roma, en el que milit\u00f3 dos temporadas, hasta que en 1994 fich\u00f3 por el Sampdoria. Cuatro a\u00f1os despu\u00e9s, en 1998, firm\u00f3 por el Lazio y visti\u00f3 la equipaci\u00f3n &#8216;biancoceleste&#8217; hasta 2004, cuando se march\u00f3 al Inter, equipo en el que se retir\u00f3 en 2006.<\/span><\/p>\n<p class=\"p1\"><span class=\"s1\">Como entrenador, adem\u00e1s del Bolonia, dirigi\u00f3 al Catania, al Fiorentina, al Sampdoria, al Milan, al Torino y a la selecci\u00f3n de Serbia.<\/span><\/p>\n<p class=\"p1\"><span class=\"s1\">Adem\u00e1s, la Serie A tambi\u00e9n expres\u00f3 su pesar: \u201cLa Lega Serie A est\u00e1 profundamente entristecida por la muerte de Sinisa Mihajlovic, un icono del f\u00fatbol y la vida. Su clase pura como jugador y entrenador, su fuerza y su humanidad son un ejemplo que deja una huella indeleble en el f\u00fatbol italiano y mundial\u201d.<\/span><\/p>\n","protected":false},"excerpt":{"rendered":"","protected":false},"author":1,"featured_media":2949495,"comment_status":"open","ping_status":"closed","sticky":false,"template":"","format":"standard","meta":{"footnotes":""},"categories":[32],"tags":[595],"class_list":["post-2949494","post","type-post","status-publish","format-standard","has-post-thumbnail","hentry","category-soccer","tag-destacado"],"_links":{"self":[{"href":"https:\/\/agpnoticias.com\/news\/index.php?rest_route=\/wp\/v2\/posts\/2949494","targetHints":{"allow":["GET"]}}],"collection":[{"href":"https:\/\/agpnoticias.com\/news\/index.php?rest_route=\/wp\/v2\/posts"}],"about":[{"href":"https:\/\/agpnoticias.com\/news\/index.php?rest_route=\/wp\/v2\/types\/post"}],"author":[{"embeddable":true,"href":"https:\/\/agpnoticias.com\/news\/index.php?rest_route=\/wp\/v2\/users\/1"}],"replies":[{"embeddable":true,"href":"https:\/\/agpnoticias.com\/news\/index.php?rest_route=%2Fwp%2Fv2%2Fcomments&post=2949494"}],"version-history":[{"count":1,"href":"https:\/\/agpnoticias.com\/news\/index.php?rest_route=\/wp\/v2\/posts\/2949494\/revisions"}],"predecessor-version":[{"id":2949496,"href":"https:\/\/agpnoticias.com\/news\/index.php?rest_route=\/wp\/v2\/posts\/2949494\/revisions\/2949496"}],"wp:featuredmedia":[{"embeddable":true,"href":"https:\/\/agpnoticias.com\/news\/index.php?rest_route=\/wp\/v2\/media\/2949495"}],"wp:attachment":[{"href":"https:\/\/agpnoticias.com\/news\/index.php?rest_route=%2Fwp%2Fv2%2Fmedia&parent=2949494"}],"wp:term":[{"taxonomy":"category","embeddable":true,"href":"https:\/\/agpnoticias.com\/news\/index.php?rest_route=%2Fwp%2Fv2%2Fcategories&post=2949494"},{"taxonomy":"post_tag","embeddable":true,"href":"https:\/\/agpnoticias.com\/news\/index.php?rest_route=%2Fwp%2Fv2%2Ftags&post=2949494"}],"curies":[{"name":"wp","href":"https:\/\/api.w.org\/{rel}","templated":true}]}}