{"id":2949497,"date":"2022-12-16T09:59:30","date_gmt":"2022-12-16T17:59:30","guid":{"rendered":"https:\/\/agpnoticias.com\/news\/?p=2949497"},"modified":"2022-12-16T09:59:31","modified_gmt":"2022-12-16T17:59:31","slug":"varane-y-konate-se-suman-a-la-lista-de-franceses-con-fiebre-previo-a-la-final","status":"publish","type":"post","link":"https:\/\/agpnoticias.com\/news\/?p=2949497","title":{"rendered":"Varane y Konat\u00e9 se suman a la lista de franceses con fiebre, previo a la final"},"content":{"rendered":"\n<p>Doha, Catar.- Raphael Varane e Ibrahima Konat\u00e9 se unieron a Dayot Upamecano, Adrien Rabiot y Kingsley Coman como v\u00edctimas de fiebre previo a la final de la Copa del Mundo Qatar 2022 contra Argentina.<\/p>\n<p>Coman trabaj\u00f3 ayer al margen del seleccionado franc\u00e9s despu\u00e9s de sufrir los primeros s\u00edntomas.<\/p>\n<p>Dayot Upamecano y a Adrien Rabiot se perdieron, por ese motivo la semifinal contra Marruecos de este mi\u00e9rcoles.<\/p>\n<p>El primero estuvo como opci\u00f3n entre los suplentes, pero no aline\u00f3. Rabiot no fue convocado y trabaja al margen del grupo.<\/p>\n<p>En el seno de la selecci\u00f3n campeona del mundo se descart\u00f3 que el padecimiento sea COVID.<\/p>\n<p>El t\u00e9cnico Didier Deschamps explic\u00f3 que la enfermedad est\u00e1 relacionada con fiebre ligada al fr\u00edo, por el aire acondicionado y por la baja en las temperaturas de Doha durante los \u00faltimos d\u00edas.<\/p>\n","protected":false},"excerpt":{"rendered":"","protected":false},"author":1,"featured_media":2949498,"comment_status":"open","ping_status":"closed","sticky":false,"template":"","format":"standard","meta":{"footnotes":""},"categories":[32,1122],"tags":[595],"class_list":["post-2949497","post","type-post","status-publish","format-standard","has-post-thumbnail","hentry","category-soccer","category-mundial-qatar-2022","tag-destacado"],"_links":{"self":[{"href":"https:\/\/agpnoticias.com\/news\/index.php?rest_route=\/wp\/v2\/posts\/2949497","targetHints":{"allow":["GET"]}}],"collection":[{"href":"https:\/\/agpnoticias.com\/news\/index.php?rest_route=\/wp\/v2\/posts"}],"about":[{"href":"https:\/\/agpnoticias.com\/news\/index.php?rest_route=\/wp\/v2\/types\/post"}],"author":[{"embeddable":true,"href":"https:\/\/agpnoticias.com\/news\/index.php?rest_route=\/wp\/v2\/users\/1"}],"replies":[{"embeddable":true,"href":"https:\/\/agpnoticias.com\/news\/index.php?rest_route=%2Fwp%2Fv2%2Fcomments&post=2949497"}],"version-history":[{"count":1,"href":"https:\/\/agpnoticias.com\/news\/index.php?rest_route=\/wp\/v2\/posts\/2949497\/revisions"}],"predecessor-version":[{"id":2949499,"href":"https:\/\/agpnoticias.com\/news\/index.php?rest_route=\/wp\/v2\/posts\/2949497\/revisions\/2949499"}],"wp:featuredmedia":[{"embeddable":true,"href":"https:\/\/agpnoticias.com\/news\/index.php?rest_route=\/wp\/v2\/media\/2949498"}],"wp:attachment":[{"href":"https:\/\/agpnoticias.com\/news\/index.php?rest_route=%2Fwp%2Fv2%2Fmedia&parent=2949497"}],"wp:term":[{"taxonomy":"category","embeddable":true,"href":"https:\/\/agpnoticias.com\/news\/index.php?rest_route=%2Fwp%2Fv2%2Fcategories&post=2949497"},{"taxonomy":"post_tag","embeddable":true,"href":"https:\/\/agpnoticias.com\/news\/index.php?rest_route=%2Fwp%2Fv2%2Ftags&post=2949497"}],"curies":[{"name":"wp","href":"https:\/\/api.w.org\/{rel}","templated":true}]}}