{"id":2949503,"date":"2022-12-16T12:53:42","date_gmt":"2022-12-16T20:53:42","guid":{"rendered":"https:\/\/agpnoticias.com\/news\/?p=2949503"},"modified":"2022-12-16T12:53:44","modified_gmt":"2022-12-16T20:53:44","slug":"sergio-busquets-confirma-su-retiro-de-la-seleccion-de-espana","status":"publish","type":"post","link":"https:\/\/agpnoticias.com\/news\/?p=2949503","title":{"rendered":"Sergio Busquets confirma su retiro de la selecci\u00f3n de Espa\u00f1a"},"content":{"rendered":"\n<p class=\"p1\">Barcelona, Espa\u00f1a.- Sergio Busquets ha dicho adi\u00f3s a la selecci\u00f3n de Espa\u00f1a con 143 partidos disputados.<\/p>\n<p class=\"p1\">El mediocampista fue campe\u00f3n del mundo en 2010 y campe\u00f3n de Europa en 2012.<\/p>\n<p class=\"p1\">Adem\u00e1s form\u00f3 los planteles del Barcelona que ganaron tres Champions League.<\/p>\n<p class=\"p1\">\u201cHa sido un honor representar a mi pa\u00eds y llevarlo a lo m\u00e1s alto, ser campe\u00f3n del mundo y de Europa, ser capit\u00e1n y disputar tantos partidos\u201d, dijo.<\/p>\n<p class=\"p1\">Busquets debut\u00f3 con La Roja el 1 de abril de 2009<span class=\"Apple-converted-space\">\u00a0 <\/span>ante Turqu\u00eda.<\/p>\n<p class=\"p2\"><span class=\"s1\">\u201cQuisiera agradecer a todas las personas que me han acompa\u00f1ado en este largo camino. Desde Vicente del Bosque que me dio la oportunidad de empezar, a Luis Enrique por hacerme disfrutar hasta el \u00faltimo segundo\u201d, indic\u00f3.<\/span><\/p>\n<p class=\"p2\"><span class=\"s1\">Adem\u00e1s agradeci\u00f3 al resto de los t\u00e9cnicos que lo convocaron.<\/span><\/p>\n<p class=\"p2\"><span class=\"s1\"> \u201cTambi\u00e9n agradecer la confianza de Julen Lopetegui, Fernando Hierro o Robert Moreno, as\u00ed como, a todos sus staffs. Y c\u00f3mo no a todos y cada uno de mis compa\u00f1eros, con los que he luchado por intentar llevar a la selecci\u00f3n donde se merec\u00eda, con m\u00e1s o con menos \u00e9xito pero siempre d\u00e1ndolo todo y con el mayor de los orgullos\u201d.<\/span><\/p>\n","protected":false},"excerpt":{"rendered":"","protected":false},"author":1,"featured_media":2949504,"comment_status":"open","ping_status":"closed","sticky":false,"template":"","format":"standard","meta":{"footnotes":""},"categories":[32,1122],"tags":[595],"class_list":["post-2949503","post","type-post","status-publish","format-standard","has-post-thumbnail","hentry","category-soccer","category-mundial-qatar-2022","tag-destacado"],"_links":{"self":[{"href":"https:\/\/agpnoticias.com\/news\/index.php?rest_route=\/wp\/v2\/posts\/2949503","targetHints":{"allow":["GET"]}}],"collection":[{"href":"https:\/\/agpnoticias.com\/news\/index.php?rest_route=\/wp\/v2\/posts"}],"about":[{"href":"https:\/\/agpnoticias.com\/news\/index.php?rest_route=\/wp\/v2\/types\/post"}],"author":[{"embeddable":true,"href":"https:\/\/agpnoticias.com\/news\/index.php?rest_route=\/wp\/v2\/users\/1"}],"replies":[{"embeddable":true,"href":"https:\/\/agpnoticias.com\/news\/index.php?rest_route=%2Fwp%2Fv2%2Fcomments&post=2949503"}],"version-history":[{"count":1,"href":"https:\/\/agpnoticias.com\/news\/index.php?rest_route=\/wp\/v2\/posts\/2949503\/revisions"}],"predecessor-version":[{"id":2949505,"href":"https:\/\/agpnoticias.com\/news\/index.php?rest_route=\/wp\/v2\/posts\/2949503\/revisions\/2949505"}],"wp:featuredmedia":[{"embeddable":true,"href":"https:\/\/agpnoticias.com\/news\/index.php?rest_route=\/wp\/v2\/media\/2949504"}],"wp:attachment":[{"href":"https:\/\/agpnoticias.com\/news\/index.php?rest_route=%2Fwp%2Fv2%2Fmedia&parent=2949503"}],"wp:term":[{"taxonomy":"category","embeddable":true,"href":"https:\/\/agpnoticias.com\/news\/index.php?rest_route=%2Fwp%2Fv2%2Fcategories&post=2949503"},{"taxonomy":"post_tag","embeddable":true,"href":"https:\/\/agpnoticias.com\/news\/index.php?rest_route=%2Fwp%2Fv2%2Ftags&post=2949503"}],"curies":[{"name":"wp","href":"https:\/\/api.w.org\/{rel}","templated":true}]}}