{"id":2949547,"date":"2022-12-19T08:29:58","date_gmt":"2022-12-19T16:29:58","guid":{"rendered":"https:\/\/agpnoticias.com\/news\/?p=2949547"},"modified":"2022-12-19T08:30:00","modified_gmt":"2022-12-19T16:30:00","slug":"llegarian-40mdp-de-recursos-del-pmu-para-isla-de-cedros-armando-ayala","status":"publish","type":"post","link":"https:\/\/agpnoticias.com\/news\/?p=2949547","title":{"rendered":"Llegar\u00edan 40mdp de recursos del PMU para Isla de Cedros: Armando Ayala\u00a0"},"content":{"rendered":"\n<p><span style=\"font-size: 1.1rem;\">Ensenada, Baja California.- Para lograr entornos dignos y seguros, el Gobierno de M\u00e9xico estar\u00eda destinando alrededor de 40 millones de pesos del Programa de Mejoramiento Urbano (PMU) de la Secretar\u00eda de Desarrollo Agrario, Territorial y Urbano (SEDATU) para obras prioritarias en Isla de Cedros, inform\u00f3 el alcalde Armando Ayala Robles.<\/span><\/p>\n<p>En su reciente visita al poblado, el presidente municipal de Ensenada, anunci\u00f3 que los fondos se destinar\u00e1n a la rehabilitaci\u00f3n integral del malec\u00f3n y del parque del poblado, ubicado a 450 kil\u00f3metros de la cabecera municipal.<\/p>\n<p>Record\u00f3 que, el pasado mes de octubre sostuvo una reuni\u00f3n de trabajo con Daniel Fajardo, subsecretario de Desarrollo Urbano y Vivienda de la SEDATU, a quien le reiter\u00f3 la importancia de destinar inversi\u00f3n federal a esta comunidad en la residen m\u00e1s de 2 mil 800 personas en su mayor\u00eda de escasos recursos.<\/p>\n<p>\u201cGracias al apoyo que en forma constante nos brinda el presidente Andr\u00e9s Manuel L\u00f3pez Obrador, y al respaldo de la gobernadora Marina del Pilar \u00c1vila Olmeda, hoy podemos anunciar que -en 2023- la comunidad cedre\u00f1a contar\u00e1 con espacios dignos para el sano esparcimiento y la activaci\u00f3n f\u00edsica\u201d, afirm\u00f3.<\/p>\n<p>Armando Ayala resalt\u00f3 que tras integrarse los proyectos, con el apoyo de la Coordinaci\u00f3n General de Gabinete a cargo de Elvia Mart\u00ednez, se dio continuidad a la tramitolog\u00eda necesaria que deriv\u00f3 en la autorizaci\u00f3n de los recursos.<\/p>\n<p>Detall\u00f3 que, los proyectos aprobados se enfocan en la reconstrucci\u00f3n de la plaza p\u00fablica, actualmente parque del poblado. En este espacio se planea integrar canchas de usos m\u00faltiples y espacios para la recreaci\u00f3n de infancia y adultos mayores.<\/p>\n<p>La otra obra prioritaria, especific\u00f3, consiste en la rehabilitaci\u00f3n integral del malec\u00f3n con pavimentaci\u00f3n de vialidad para conexi\u00f3n con la plaza p\u00fablica.<\/p>\n<p>\u201cAmbos espacios contar\u00e1n con su respectivo plan de activaci\u00f3n, en el que, con apoyo de dependencias municipales y en conjunto con residentes, se desarrollar\u00e1n actividades culturales, recreativas y deportivas para fortalecer la uni\u00f3n familiar y lograr la reconstrucci\u00f3n del tejido social\u201d, asegur\u00f3 el primer edil.<\/p>\n<p>Apenas la semana pasada, arribaron a la \u00ednsula 3 mil toneladas de materiales para construcci\u00f3n como parte del proyecto que la Comisi\u00f3n Nacional de Vivienda (Conavi), desarrolla en la isla, con una inversi\u00f3n de 50 millones de pesos.<\/p>\n<p>Armando Ayala destac\u00f3 que gracias a este apoyo del Gobierno Federal, de las 141 familias que se vieron afectadas por el paso del hurac\u00e1n \u201cKay\u201d, 100 tendr\u00e1n una casa nueva, en tanto que 41 fueron beneficiados con materiales para ampliaci\u00f3n y remodelaci\u00f3n.<\/p>\n","protected":false},"excerpt":{"rendered":"","protected":false},"author":1,"featured_media":2949548,"comment_status":"open","ping_status":"closed","sticky":false,"template":"","format":"standard","meta":{"footnotes":""},"categories":[1],"tags":[],"class_list":["post-2949547","post","type-post","status-publish","format-standard","has-post-thumbnail","hentry","category-uncategorized"],"_links":{"self":[{"href":"https:\/\/agpnoticias.com\/news\/index.php?rest_route=\/wp\/v2\/posts\/2949547","targetHints":{"allow":["GET"]}}],"collection":[{"href":"https:\/\/agpnoticias.com\/news\/index.php?rest_route=\/wp\/v2\/posts"}],"about":[{"href":"https:\/\/agpnoticias.com\/news\/index.php?rest_route=\/wp\/v2\/types\/post"}],"author":[{"embeddable":true,"href":"https:\/\/agpnoticias.com\/news\/index.php?rest_route=\/wp\/v2\/users\/1"}],"replies":[{"embeddable":true,"href":"https:\/\/agpnoticias.com\/news\/index.php?rest_route=%2Fwp%2Fv2%2Fcomments&post=2949547"}],"version-history":[{"count":1,"href":"https:\/\/agpnoticias.com\/news\/index.php?rest_route=\/wp\/v2\/posts\/2949547\/revisions"}],"predecessor-version":[{"id":2949549,"href":"https:\/\/agpnoticias.com\/news\/index.php?rest_route=\/wp\/v2\/posts\/2949547\/revisions\/2949549"}],"wp:featuredmedia":[{"embeddable":true,"href":"https:\/\/agpnoticias.com\/news\/index.php?rest_route=\/wp\/v2\/media\/2949548"}],"wp:attachment":[{"href":"https:\/\/agpnoticias.com\/news\/index.php?rest_route=%2Fwp%2Fv2%2Fmedia&parent=2949547"}],"wp:term":[{"taxonomy":"category","embeddable":true,"href":"https:\/\/agpnoticias.com\/news\/index.php?rest_route=%2Fwp%2Fv2%2Fcategories&post=2949547"},{"taxonomy":"post_tag","embeddable":true,"href":"https:\/\/agpnoticias.com\/news\/index.php?rest_route=%2Fwp%2Fv2%2Ftags&post=2949547"}],"curies":[{"name":"wp","href":"https:\/\/api.w.org\/{rel}","templated":true}]}}