{"id":2949550,"date":"2022-12-19T11:06:46","date_gmt":"2022-12-19T19:06:46","guid":{"rendered":"https:\/\/agpnoticias.com\/news\/?p=2949550"},"modified":"2023-03-07T21:15:17","modified_gmt":"2023-03-08T05:15:17","slug":"mexico-termina-en-el-puesto-22-de-32-en-el-mundial-de-qatar-ganado-por-argentina","status":"publish","type":"post","link":"https:\/\/agpnoticias.com\/news\/?p=2949550","title":{"rendered":"M\u00e9xico termina en el puesto 22 de 32 en el mundial de Qatar ganado por Argentina"},"content":{"rendered":"\n\n\n<p class=\"p1\">Doha, Catar.- La selecci\u00f3n mexicana de futbol termin\u00f3 en la posici\u00f3n 22 tras la conclusi\u00f3n de la Copa del Mundo Qatar 2022.<\/p>\n<p class=\"p1\">La coronaci\u00f3n de Argentina con la victoria en penales sobre Francia en la final, la lista de seleccionados nacionales muestra al Tricolor en el vig\u00e9simo segundo puesto de 32.<\/p>\n<p class=\"p1\">Es su peor clasificaci\u00f3n desde 1978 cuando qued\u00f3 \u00faltimo sin puntos y diferencia de menos 12 como d\u00e9cimo sexto de 16 competidores.<\/p>\n<p class=\"p1\">M\u00e9xico avanz\u00f3 a octavos de final desde 1994 y lig\u00f3 clasificaciones a esa misma instancia de manera consecutiva hasta Rusia 2018.<\/p>\n<p class=\"p1\">En Qatar 2022, la selecci\u00f3n mexicana empat\u00f3 a cero con Polonia, perdi\u00f3 2-0 con Argentina y super\u00f3 a Arabia Saudita 2-1 para sumar cuatro puntos en el Grupo C.<\/p>\n<p class=\"p1\">Pero no le alcanz\u00f3 para avanzar por diferencia de goles superior de los polacos. Clasificaron en ese sector el hoy campe\u00f3n Argentina y Polonia.<\/p>\n","protected":false},"excerpt":{"rendered":"","protected":false},"author":1,"featured_media":2949551,"comment_status":"open","ping_status":"closed","sticky":false,"template":"","format":"standard","meta":{"footnotes":""},"categories":[32,1122,1149],"tags":[595],"class_list":["post-2949550","post","type-post","status-publish","format-standard","has-post-thumbnail","hentry","category-soccer","category-mundial-qatar-2022","category-seleccion-mexicana-2","tag-destacado"],"_links":{"self":[{"href":"https:\/\/agpnoticias.com\/news\/index.php?rest_route=\/wp\/v2\/posts\/2949550","targetHints":{"allow":["GET"]}}],"collection":[{"href":"https:\/\/agpnoticias.com\/news\/index.php?rest_route=\/wp\/v2\/posts"}],"about":[{"href":"https:\/\/agpnoticias.com\/news\/index.php?rest_route=\/wp\/v2\/types\/post"}],"author":[{"embeddable":true,"href":"https:\/\/agpnoticias.com\/news\/index.php?rest_route=\/wp\/v2\/users\/1"}],"replies":[{"embeddable":true,"href":"https:\/\/agpnoticias.com\/news\/index.php?rest_route=%2Fwp%2Fv2%2Fcomments&post=2949550"}],"version-history":[{"count":2,"href":"https:\/\/agpnoticias.com\/news\/index.php?rest_route=\/wp\/v2\/posts\/2949550\/revisions"}],"predecessor-version":[{"id":2949553,"href":"https:\/\/agpnoticias.com\/news\/index.php?rest_route=\/wp\/v2\/posts\/2949550\/revisions\/2949553"}],"wp:featuredmedia":[{"embeddable":true,"href":"https:\/\/agpnoticias.com\/news\/index.php?rest_route=\/wp\/v2\/media\/2949551"}],"wp:attachment":[{"href":"https:\/\/agpnoticias.com\/news\/index.php?rest_route=%2Fwp%2Fv2%2Fmedia&parent=2949550"}],"wp:term":[{"taxonomy":"category","embeddable":true,"href":"https:\/\/agpnoticias.com\/news\/index.php?rest_route=%2Fwp%2Fv2%2Fcategories&post=2949550"},{"taxonomy":"post_tag","embeddable":true,"href":"https:\/\/agpnoticias.com\/news\/index.php?rest_route=%2Fwp%2Fv2%2Ftags&post=2949550"}],"curies":[{"name":"wp","href":"https:\/\/api.w.org\/{rel}","templated":true}]}}