{"id":2949555,"date":"2022-12-19T11:30:39","date_gmt":"2022-12-19T19:30:39","guid":{"rendered":"https:\/\/agpnoticias.com\/news\/?p=2949555"},"modified":"2022-12-19T11:30:41","modified_gmt":"2022-12-19T19:30:41","slug":"benzema-dice-adios-a-su-accidentado-paso-por-la-seleccion-francesa","status":"publish","type":"post","link":"https:\/\/agpnoticias.com\/news\/?p=2949555","title":{"rendered":"Benzema dice adi\u00f3s a su accidentado paso por la selecci\u00f3n francesa"},"content":{"rendered":"\n\n\n<p class=\"p1\">Madrid, Espa\u00f1a.- Karim Benzema anunci\u00f3 su retiro de la selecci\u00f3n de Francia.<\/p>\n<p class=\"p1\">En 2018 qued\u00f3 fuera y no pudo coronarse por una situaci\u00f3n extra cancha.<\/p>\n<p class=\"p1\">Y en 2022, a d\u00edas del inicio de la Copa del Mundo de Qatar, el ganador del Bal\u00f3n de Oro sali\u00f3 de la hoy subcampeona del mundo por una lesi\u00f3n.<\/p>\n<p class=\"p1\">\u201cHice el esfuerzo y los errores necesarios para estar donde estoy hoy, orgulloso de ello. Escrib\u00ed mi historia (con la selecci\u00f3n francesa) y la nuestra termina\u201d.<\/p>\n<p class=\"p1\">Benzema, que ya entrena con su club, Real Madrid, anot\u00f3 tres goles durante su \u00fanica participaci\u00f3n mundialista en Brasil 2014 cuando Francia avanz\u00f3 a los cuartos de final. En todos fue titular.<\/p>\n<p class=\"p1\">En total jug\u00f3 97 partidos y anot\u00f3 37 goles.<\/p>\n","protected":false},"excerpt":{"rendered":"","protected":false},"author":1,"featured_media":2949556,"comment_status":"open","ping_status":"closed","sticky":false,"template":"","format":"standard","meta":{"footnotes":""},"categories":[32,1122],"tags":[595],"class_list":["post-2949555","post","type-post","status-publish","format-standard","has-post-thumbnail","hentry","category-soccer","category-mundial-qatar-2022","tag-destacado"],"_links":{"self":[{"href":"https:\/\/agpnoticias.com\/news\/index.php?rest_route=\/wp\/v2\/posts\/2949555","targetHints":{"allow":["GET"]}}],"collection":[{"href":"https:\/\/agpnoticias.com\/news\/index.php?rest_route=\/wp\/v2\/posts"}],"about":[{"href":"https:\/\/agpnoticias.com\/news\/index.php?rest_route=\/wp\/v2\/types\/post"}],"author":[{"embeddable":true,"href":"https:\/\/agpnoticias.com\/news\/index.php?rest_route=\/wp\/v2\/users\/1"}],"replies":[{"embeddable":true,"href":"https:\/\/agpnoticias.com\/news\/index.php?rest_route=%2Fwp%2Fv2%2Fcomments&post=2949555"}],"version-history":[{"count":1,"href":"https:\/\/agpnoticias.com\/news\/index.php?rest_route=\/wp\/v2\/posts\/2949555\/revisions"}],"predecessor-version":[{"id":2949557,"href":"https:\/\/agpnoticias.com\/news\/index.php?rest_route=\/wp\/v2\/posts\/2949555\/revisions\/2949557"}],"wp:featuredmedia":[{"embeddable":true,"href":"https:\/\/agpnoticias.com\/news\/index.php?rest_route=\/wp\/v2\/media\/2949556"}],"wp:attachment":[{"href":"https:\/\/agpnoticias.com\/news\/index.php?rest_route=%2Fwp%2Fv2%2Fmedia&parent=2949555"}],"wp:term":[{"taxonomy":"category","embeddable":true,"href":"https:\/\/agpnoticias.com\/news\/index.php?rest_route=%2Fwp%2Fv2%2Fcategories&post=2949555"},{"taxonomy":"post_tag","embeddable":true,"href":"https:\/\/agpnoticias.com\/news\/index.php?rest_route=%2Fwp%2Fv2%2Ftags&post=2949555"}],"curies":[{"name":"wp","href":"https:\/\/api.w.org\/{rel}","templated":true}]}}