{"id":2949868,"date":"2022-12-31T15:06:23","date_gmt":"2022-12-31T23:06:23","guid":{"rendered":"https:\/\/agpnoticias.com\/news\/?p=2949868"},"modified":"2022-12-31T15:06:25","modified_gmt":"2022-12-31T23:06:25","slug":"se-afilian-nuevos-comerciantes-a-canaco-servytur-ensenada","status":"publish","type":"post","link":"https:\/\/agpnoticias.com\/news\/?p=2949868","title":{"rendered":"Se afilian nuevos comerciantes a CANACO-Servytur Ensenada"},"content":{"rendered":"\n<p><span style=\"font-size: 1.1rem;\">Ensenada, Baja California.- Como parte de las actividades de cierre de a\u00f1o de la C\u00e1mara Nacional de Comercio, Servicios y Turismo (Canaco-Servytur) en Ensenada, el alcalde Armando Ayala Robles particip\u00f3 una ceremonia de afiliaci\u00f3n y reconocimientos para miembros del organismo empresarial.<\/span><\/p>\n<p>Junto al presidente nacional de Concanaco-Servytur, H\u00e9ctor Tejada Shaar, el presidente municipal encabez\u00f3 este evento, donde agradeci\u00f3 a las y los integrantes por invitarlo, as\u00ed como por sumar esfuerzos para fortalecer el desarrollo econ\u00f3mico de Ensenada.<\/p>\n<p>Ayala Robles reiter\u00f3 su compromiso no s\u00f3lo con el municipio, sino con la iniciativa privada para trabajar de la mano por los agremiados y la ciudadan\u00eda en general, dejando de lado intereses pol\u00edticos, sino de manera plural y de construcci\u00f3n.<\/p>\n<p>Respecto a las demandas de seguridad que el sector comercio hizo por varios a\u00f1os, Armando Ayala celebr\u00f3 que a lo largo del 2022 se hicieron grandes esfuerzos y trabajo coordinado con las autoridades de seguridad p\u00fablica para reducir los \u00edndices delincuenciales.<\/p>\n<p>\u201cEstamos hablando que en 10 a\u00f1os de gobiernos anteriores, diversos delitos se dispararon considerablemente, pero este a\u00f1o hemos avanzado con buenos n\u00fameros para el sector comercio y nuestra comunidad.<\/p>\n<p>\u201cHoy estamos entre los tres municipios con mejores resultados al cierre del 2022 en Baja California. Nos hemos preocupado y ocupado tambi\u00e9n del tema de los homicidios, tanto en zona tur\u00edstica como en colonias populares, estamos culminando con un 54% a la baja en delitos de alto impacto y 71% en los de bajo impacto\u201d, refiri\u00f3 el alcalde.<\/p>\n<p>Por su parte, H\u00e9ctor Tejada Shaar agradeci\u00f3 al mun\u00edcipe el recibimiento en Ensenada y destac\u00f3 la importancia de que las C\u00e1maras Nacionales a su cargo se acerquen a los diversos municipios para conocer las problem\u00e1ticas y avances que vive el sector comercial.<\/p>\n<p>\u201cHoy m\u00e1s que nunca necesitamos trabajar unidos y parte de mis premisas es escuchar para actuar, vivir de cerca lo que pasa en la comunidad de mis colegas y seguir aportando al crecimiento econ\u00f3mico y a la generaci\u00f3n de empleos en todo el pa\u00eds\u201d, expres\u00f3 Tejada Shaar.<\/p>\n<p>Durante la ceremonia, Fabi\u00e1n Octavio de la Torre de St\u00e9ffano, presidente local de la C\u00e1mara Nacional de Comercio, agradeci\u00f3 al presidente municipal por impulsar diversas acciones y obras de infraestructura que benefician al sector tur\u00edstico y comercial de Ensenada.<\/p>\n<p>En su mensaje, el empresario se\u00f1al\u00f3 que parte de esas acciones est\u00e1n el impulsar la actividad naviera, lo que ha generado movimiento de pasajeros que deciden bajar al puerto para comer, hacer compras y visitar sitios ic\u00f3nicos de este destino.<\/p>\n<p>Respecto a la filiaci\u00f3n de nuevas empresas a la c\u00e1mara, mencion\u00f3 que algunos beneficios que el sector tendr\u00e1 a partir de enero 2023, como son asesor\u00eda legal, contable y redes sociales, descuentos, servicio m\u00e9dico, una app para telefon\u00eda m\u00f3vil, entre otros.<\/p>\n<p>En el evento, participaron tambi\u00e9n Jorge Menchaca Sinencio, vicepresidente de la Concanaco Noroeste; Rafael Ch\u00e1vez Monta\u00f1o, vicepresidente ejecutivo Canaco Ensenada<br \/>Guadalupe Mart\u00ednez Lugo, vicepresidenta nacional de L\u00e1cteos Concanaco y Nicol\u00e1s Ayub Mart\u00ednez, secretario ejecutivo Canaco Ensenada.<\/p>\n","protected":false},"excerpt":{"rendered":"","protected":false},"author":1,"featured_media":2949869,"comment_status":"open","ping_status":"closed","sticky":false,"template":"","format":"standard","meta":{"footnotes":""},"categories":[1],"tags":[],"class_list":["post-2949868","post","type-post","status-publish","format-standard","has-post-thumbnail","hentry","category-uncategorized"],"_links":{"self":[{"href":"https:\/\/agpnoticias.com\/news\/index.php?rest_route=\/wp\/v2\/posts\/2949868","targetHints":{"allow":["GET"]}}],"collection":[{"href":"https:\/\/agpnoticias.com\/news\/index.php?rest_route=\/wp\/v2\/posts"}],"about":[{"href":"https:\/\/agpnoticias.com\/news\/index.php?rest_route=\/wp\/v2\/types\/post"}],"author":[{"embeddable":true,"href":"https:\/\/agpnoticias.com\/news\/index.php?rest_route=\/wp\/v2\/users\/1"}],"replies":[{"embeddable":true,"href":"https:\/\/agpnoticias.com\/news\/index.php?rest_route=%2Fwp%2Fv2%2Fcomments&post=2949868"}],"version-history":[{"count":1,"href":"https:\/\/agpnoticias.com\/news\/index.php?rest_route=\/wp\/v2\/posts\/2949868\/revisions"}],"predecessor-version":[{"id":2949870,"href":"https:\/\/agpnoticias.com\/news\/index.php?rest_route=\/wp\/v2\/posts\/2949868\/revisions\/2949870"}],"wp:featuredmedia":[{"embeddable":true,"href":"https:\/\/agpnoticias.com\/news\/index.php?rest_route=\/wp\/v2\/media\/2949869"}],"wp:attachment":[{"href":"https:\/\/agpnoticias.com\/news\/index.php?rest_route=%2Fwp%2Fv2%2Fmedia&parent=2949868"}],"wp:term":[{"taxonomy":"category","embeddable":true,"href":"https:\/\/agpnoticias.com\/news\/index.php?rest_route=%2Fwp%2Fv2%2Fcategories&post=2949868"},{"taxonomy":"post_tag","embeddable":true,"href":"https:\/\/agpnoticias.com\/news\/index.php?rest_route=%2Fwp%2Fv2%2Ftags&post=2949868"}],"curies":[{"name":"wp","href":"https:\/\/api.w.org\/{rel}","templated":true}]}}