{"id":2950448,"date":"2023-01-18T15:52:39","date_gmt":"2023-01-18T23:52:39","guid":{"rendered":"https:\/\/agpnoticias.com\/news\/?p=2950448"},"modified":"2023-03-08T20:34:53","modified_gmt":"2023-03-09T04:34:53","slug":"sera-un-peleon-y-voy-a-salir-victorioso-jesus-aguilar-rumbo-a-su-debut-en-ufc","status":"publish","type":"post","link":"https:\/\/agpnoticias.com\/news\/?p=2950448","title":{"rendered":"\u201cSer\u00e1 un pele\u00f3n y voy a salir victorioso\u201d: Jes\u00fas Aguilar rumbo a su debut en UFC"},"content":{"rendered":"\n\n\n<p class=\"p1\">Ensenada, Baja California.- El ensenadense Jes\u00fas Aguiar (8-1) debutar\u00e1 como peleador de UFC contra Tatsuro Taira (12-0), uno de los peleadores con mayor proyecci\u00f3n dentro de las artes marciales mixtas.<\/p>\n<p class=\"p1\">La funci\u00f3n Fight Night se program\u00f3 originalmente en Se\u00fal, Corea del Sur, pero finalmente se llevar\u00e1 a cabo en Las Vegas el 4 de febrero.<\/p>\n<p class=\"p1\">\u201cSer\u00e1 un pele\u00f3n y voy a salir victorioso\u201d, dijo durante su participaci\u00f3n en AGP Podcast.<\/p>\n<p class=\"p1\">El coreano ha ganado sus dos primeras peleas para UFC.<\/p>\n<p class=\"p1\">Por su parte, Jes\u00fas Aguilar lleg\u00f3 a la oportunidad de ser firmado por UFC tras imponerse al brasile\u00f1o Erisson Ferreira durante el serial Dana White Contender Series, el 23 de agosto de 2022.<\/p>\n<p class=\"p1\">\u201cQuiero cumplir mi contrato, ganar esas cuatro peleas para dar el enganche de mi casa\u201d, refiri\u00f3 previo al combate pactado en la divisi\u00f3n mosca.<\/p>\n<p class=\"p1\">Adem\u00e1s, pretende cumplir con una pelea consistente durante su debut para hacerse de un est\u00edmulo en juego.<\/p>\n<p class=\"p1\">\u201cQuiero ganar el bono de la noche, 50 mil d\u00f3lares, y lo podemos ganar ambos por dar una pelea dura\u201d, indic\u00f3.<\/p>\n<p class=\"p1\">Jes\u00fas Aguilar desarrolla su preparaci\u00f3n en Entram Gym de Tijuana.<\/p>\n<p class=\"p1\">Antes particip\u00f3 en empresas como UWC y Combate Global.<\/p>\n<p><iframe title=\"\u201cSer\u00e1 un pele\u00f3n y voy a salir victorioso\u201d: Jes\u00fas Aguilar rumbo a su debut en UFC\" width=\"640\" height=\"360\" src=\"https:\/\/www.youtube.com\/embed\/B-Zw72Rh3Yc?feature=oembed\" frameborder=\"0\" allow=\"accelerometer; autoplay; clipboard-write; encrypted-media; gyroscope; picture-in-picture; web-share\" referrerpolicy=\"strict-origin-when-cross-origin\" allowfullscreen><\/iframe><\/p>\n","protected":false},"excerpt":{"rendered":"","protected":false},"author":1,"featured_media":2950452,"comment_status":"open","ping_status":"closed","sticky":false,"template":"","format":"video","meta":{"footnotes":""},"categories":[581,1148],"tags":[595],"class_list":["post-2950448","post","type-post","status-publish","format-video","has-post-thumbnail","hentry","category-artes-marciales","category-ufc","tag-destacado","post_format-post-format-video"],"_links":{"self":[{"href":"https:\/\/agpnoticias.com\/news\/index.php?rest_route=\/wp\/v2\/posts\/2950448","targetHints":{"allow":["GET"]}}],"collection":[{"href":"https:\/\/agpnoticias.com\/news\/index.php?rest_route=\/wp\/v2\/posts"}],"about":[{"href":"https:\/\/agpnoticias.com\/news\/index.php?rest_route=\/wp\/v2\/types\/post"}],"author":[{"embeddable":true,"href":"https:\/\/agpnoticias.com\/news\/index.php?rest_route=\/wp\/v2\/users\/1"}],"replies":[{"embeddable":true,"href":"https:\/\/agpnoticias.com\/news\/index.php?rest_route=%2Fwp%2Fv2%2Fcomments&post=2950448"}],"version-history":[{"count":3,"href":"https:\/\/agpnoticias.com\/news\/index.php?rest_route=\/wp\/v2\/posts\/2950448\/revisions"}],"predecessor-version":[{"id":2950453,"href":"https:\/\/agpnoticias.com\/news\/index.php?rest_route=\/wp\/v2\/posts\/2950448\/revisions\/2950453"}],"wp:featuredmedia":[{"embeddable":true,"href":"https:\/\/agpnoticias.com\/news\/index.php?rest_route=\/wp\/v2\/media\/2950452"}],"wp:attachment":[{"href":"https:\/\/agpnoticias.com\/news\/index.php?rest_route=%2Fwp%2Fv2%2Fmedia&parent=2950448"}],"wp:term":[{"taxonomy":"category","embeddable":true,"href":"https:\/\/agpnoticias.com\/news\/index.php?rest_route=%2Fwp%2Fv2%2Fcategories&post=2950448"},{"taxonomy":"post_tag","embeddable":true,"href":"https:\/\/agpnoticias.com\/news\/index.php?rest_route=%2Fwp%2Fv2%2Ftags&post=2950448"}],"curies":[{"name":"wp","href":"https:\/\/api.w.org\/{rel}","templated":true}]}}