{"id":2950454,"date":"2023-01-19T09:59:26","date_gmt":"2023-01-19T17:59:26","guid":{"rendered":"https:\/\/agpnoticias.com\/news\/?p=2950454"},"modified":"2023-03-07T21:14:54","modified_gmt":"2023-03-08T05:14:54","slug":"multa-fifa-a-la-seleccion-mexicana-por-alineacion-indebida","status":"publish","type":"post","link":"https:\/\/agpnoticias.com\/news\/?p=2950454","title":{"rendered":"Multa FIFA a la Selecci\u00f3n Mexicana por alineaci\u00f3n indebida"},"content":{"rendered":"\n\n\n<p data-t=\"{&quot;n&quot;:&quot;blueLinks&quot;}\">Ciudad de M\u00e9xico.- Este jueves la FIFA impuso una multa de 10 mil francos suizos (poco m\u00e1s de 200 mil pesos MXN) a la Selecci\u00f3n Mexicana de Futbol por la alineaci\u00f3n indebida de Alejandro Zendejas, quien no era elegible para el Tri y pese a ello lo pusieron a jugar.<\/p>\n<p data-t=\"{&quot;n&quot;:&quot;blueLinks&quot;}\">Durante la era de Gerardo Martino, quien p\u00fablicamente\u00a0acus\u00f3 al futbolista de \u00abchantajista\u00bb\u00a0por negarse a firmar una carta para cambio de federaci\u00f3n, el jugador del Am\u00e9rica fue alineado en dos amistosos a nivel Mayor y en tres de la categor\u00eda Sub-23. La resoluci\u00f3n de FIFA, adem\u00e1s de la pena econ\u00f3mica, es que\u00a0la Selecci\u00f3n Mexicana ha perdido los cinco partidos que Zendejas jug\u00f3 con resultado de 3-0.<\/p>\n<div class=\"article-clear-div\">\u00a0<\/div>\n<h4 class=\"article-sub-heading\">\u00bfCu\u00e1l es la nacionalidad de Alejandro Zendejas?<\/h4>\n<p data-t=\"{&quot;n&quot;:&quot;blueLinks&quot;}\">Alejandro Zendejas Saavedra\u00a0es un futbolista profesional formado en la Major League Soccer (MLS) y que cuenta con\u00a0doble nacionalidad. Aunque\u00a0naci\u00f3 en Ciudad Ju\u00e1rez, Chihuahua, de joven migr\u00f3 a Estados Unidos para buscar una oportunidad de dedicarse el futbol.<\/p>\n<p class=\"continue-read-break\" data-t=\"{&quot;n&quot;:&quot;blueLinks&quot;}\">Actualmente con 24 a\u00f1os y jugando para el Club Am\u00e9rica de la Liga MX,\u00a0Zendejas fue titular con Estados Unidos en el Mundial Sub-17 de 2015, donde fue compa\u00f1ero de nombres conocidos como Christian Pulisic y Tyler Adams. En este enero del 2023,\u00a0Alejandro fue citado por EE.UU.\u00a0para dos partidos amistosos contra Colombia y Serbia.<\/p>\n<div class=\"article-clear-div\">\u00a0<\/div>\n<div class=\"article-image-slot\" data-image-href=\"https:\/\/www.msn.com\/es-mx\/deportes\/futbol\/fifa-multa-a-m%C3%A9xico-por-alex-zendejas-perder%C3%A1n-5-partidos-por-alinearlo\/ar-AA16wydW?cvid=fbf28317dd184d6595cb2ac3545b41fd&amp;fullscreen=true#image=1\" data-doc-id=\"cms\/api\/amp\/image\/AA16wAdw\" data-rendered=\"true\">\n<div class=\"article-image-container   \" data-t=\"{&quot;n&quot;:&quot;OpenModal&quot;,&quot;t&quot;:13}\"><a class=\"article-image-height-wrapper\" href=\"https:\/\/www.msn.com\/es-mx\/deportes\/futbol\/fifa-multa-a-m%C3%A9xico-por-alex-zendejas-perder%C3%A1n-5-partidos-por-alinearlo\/ar-AA16wydW?cvid=fbf28317dd184d6595cb2ac3545b41fd&amp;fullscreen=true&amp;crc=true#image=1\" target=\"_self\" data-t=\"{&quot;n&quot;:&quot;destination&quot;,&quot;t&quot;:14,&quot;b&quot;:1,&quot;c.t&quot;:14}\" rel=\"noopener\"><img decoding=\"async\" class=\"article-image  aligncenter\" tabindex=\"0\" title=\"FIFA multa a M\u00e9xico por Alex Zendejas; perder\u00e1n 5 partidos por alinearlo\" src=\"https:\/\/img-s-msn-com.akamaized.net\/tenant\/amp\/entityid\/AA16wAdw.img?w=768&amp;h=960&amp;m=6&amp;x=537&amp;y=259&amp;s=70&amp;d=70\" alt=\"FIFA multa a M\u00e9xico por Alex Zendejas; perder\u00e1n 5 partidos por alinearlo\" \/><\/a>\n<div class=\"image-caption-container   content-small-text \"><span style=\"color: revert; font-family: Roboto, sans-serif; font-size: 1.4rem; font-weight: bold; letter-spacing: -0.02em;\">\u00bfPor qu\u00e9 FIFA multa a M\u00e9xico por Zendejas?<\/span><\/div>\n<\/div>\n<\/div>\n<p class=\"\" data-t=\"{&quot;n&quot;:&quot;blueLinks&quot;}\">Seg\u00fan los estatutos de Federaci\u00f3n Internacional de Futbol Asociaci\u00f3n, dado que\u00a0Zendejas particip\u00f3 en una competencia oficial\u00a0para una Selecci\u00f3n Nacional Juvenil de\u00a0Estados Unidos, se ten\u00eda que\u00a0solicitar a la FIFA un cambio de afiliaci\u00f3n\u00a0por \u00fanica vez para poder jugar con una Selecci\u00f3n Nacional de M\u00e9xico,\u00a0tr\u00e1mite que en la FMF no hicieron\u00a0para convocarlo.<\/p>\n<p>\u00abLa FIFA puede confirmar que ha impuesto una\u00a0multa de 10 mil francos suizos a la Federaci\u00f3n Mexicana de Futbol\u00a0por infracciones del art\u00edculo 5 del Reglamento de Aplicaci\u00f3n (RGAS) de los Estatutos de la FIFA tras la\u00a0convocatoria del jugador Alejandro Zendejas\u00bb, dijo el organismo en un comunicado.<\/p>\n<p>\u00abAdem\u00e1s de la multa, todos los partidos (disputados por Zendejas con M\u00e9xico) se declaran como perdidos. Seg\u00fan las disposiciones del RGAS, sin embargo,\u00a0el jugador sigue habilitado siendo elegible para jugar con las selecciones de Estados Unidos\u00bb, a\u00f1adi\u00f3.<\/p>\n<h4>\u00bfQue partidos perdi\u00f3 M\u00e9xico por la alineaci\u00f3n de Alejandro Zendejas?\u00a0<\/h4>\n<p class=\"\" data-t=\"{&quot;n&quot;:&quot;blueLinks&quot;}\">Por todo esto,\u00a0FIFA ha revertido los resultados de cinco partidos por un 3-0 en contra, un par a nivel Mayor, que son contra\u00a0Ecuador\u00a0el 28 de octubre de 2021 que el Tri perdi\u00f3 3-2 y en el que Zendejas ingres\u00f3 por Uriel Antuna a los 66 minutos. Tambi\u00e9n el partido ante\u00a0Guatemala\u00a0del pasado 22 de abril que acab\u00f3 0-0 y en el que Alejandro estuvo 72 minutos.<\/p>\n<p class=\"\" data-t=\"{&quot;n&quot;:&quot;blueLinks&quot;}\">Se decretaron derrotas tambi\u00e9n en los partidos de la Selecci\u00f3n Mexicana Sub-23 ante\u00a0<b>Rumania\u00a0<\/b>(una victoria 1-0 el 5 de junio de 2021), contra\u00a0<b>Arabia Saud\u00ed\u00a0<\/b>(un empate 1-1 ese 8 de junio) y frente a\u00a0<b>Australia\u00a0<\/b>(un triunfo 3-2 ese 12 de junio).<\/p>\n<p data-t=\"{&quot;n&quot;:&quot;blueLinks&quot;}\">Con informaci\u00f3n de MEDIO TIEMPO\u00a0<\/p>\n<p><iframe title=\"Gol de Alejandro Zendejas | M\u00e9xico 1-0 Arabia Saudita | Partido Amistoso\" width=\"640\" height=\"360\" src=\"https:\/\/www.youtube.com\/embed\/lE39zfFbL14?feature=oembed\" frameborder=\"0\" allow=\"accelerometer; autoplay; clipboard-write; encrypted-media; gyroscope; picture-in-picture; web-share\" referrerpolicy=\"strict-origin-when-cross-origin\" allowfullscreen><\/iframe><\/p>\n","protected":false},"excerpt":{"rendered":"","protected":false},"author":1,"featured_media":2950455,"comment_status":"open","ping_status":"closed","sticky":false,"template":"","format":"video","meta":{"footnotes":""},"categories":[32,1149],"tags":[595],"class_list":["post-2950454","post","type-post","status-publish","format-video","has-post-thumbnail","hentry","category-soccer","category-seleccion-mexicana-2","tag-destacado","post_format-post-format-video"],"_links":{"self":[{"href":"https:\/\/agpnoticias.com\/news\/index.php?rest_route=\/wp\/v2\/posts\/2950454","targetHints":{"allow":["GET"]}}],"collection":[{"href":"https:\/\/agpnoticias.com\/news\/index.php?rest_route=\/wp\/v2\/posts"}],"about":[{"href":"https:\/\/agpnoticias.com\/news\/index.php?rest_route=\/wp\/v2\/types\/post"}],"author":[{"embeddable":true,"href":"https:\/\/agpnoticias.com\/news\/index.php?rest_route=\/wp\/v2\/users\/1"}],"replies":[{"embeddable":true,"href":"https:\/\/agpnoticias.com\/news\/index.php?rest_route=%2Fwp%2Fv2%2Fcomments&post=2950454"}],"version-history":[{"count":1,"href":"https:\/\/agpnoticias.com\/news\/index.php?rest_route=\/wp\/v2\/posts\/2950454\/revisions"}],"predecessor-version":[{"id":2950456,"href":"https:\/\/agpnoticias.com\/news\/index.php?rest_route=\/wp\/v2\/posts\/2950454\/revisions\/2950456"}],"wp:featuredmedia":[{"embeddable":true,"href":"https:\/\/agpnoticias.com\/news\/index.php?rest_route=\/wp\/v2\/media\/2950455"}],"wp:attachment":[{"href":"https:\/\/agpnoticias.com\/news\/index.php?rest_route=%2Fwp%2Fv2%2Fmedia&parent=2950454"}],"wp:term":[{"taxonomy":"category","embeddable":true,"href":"https:\/\/agpnoticias.com\/news\/index.php?rest_route=%2Fwp%2Fv2%2Fcategories&post=2950454"},{"taxonomy":"post_tag","embeddable":true,"href":"https:\/\/agpnoticias.com\/news\/index.php?rest_route=%2Fwp%2Fv2%2Ftags&post=2950454"}],"curies":[{"name":"wp","href":"https:\/\/api.w.org\/{rel}","templated":true}]}}