{"id":2951089,"date":"2023-02-05T17:57:39","date_gmt":"2023-02-06T01:57:39","guid":{"rendered":"https:\/\/agpnoticias.com\/news\/?p=2951089"},"modified":"2023-02-05T17:58:40","modified_gmt":"2023-02-06T01:58:40","slug":"solicita-armando-ayala-ampliacion-del-programa-de-mejoramiento-de-vivienda-para-cedros","status":"publish","type":"post","link":"https:\/\/agpnoticias.com\/news\/?p=2951089","title":{"rendered":"Solicita Armando Ayala ampliaci\u00f3n del programa de mejoramiento de vivienda para Cedros"},"content":{"rendered":"\n\n\n<p>Ensenada, Baja California.- Como parte de su gira de trabajo en la Ciudad de M\u00e9xico, el presidente municipal Armando Ayala solicit\u00f3 la ampliaci\u00f3n del programa de vivienda que se impulsa en la comunidad de Isla de Cedros.<\/p>\n<p>El primer edil manifest\u00f3 que durante una reuni\u00f3n con el director general de la Comisi\u00f3n Nacional de Vivienda (CONAVI), Javier Granados Barr\u00f3n, le solicit\u00f3 la posibilidad de que este programa sea ampliado para beneficiar a m\u00e1s personas de dicha delegaci\u00f3n, zona que se encuentra alejada de la cabecera municipal.<\/p>\n<p>\u201cLe pedimos que este programa sea ampliado en Isla de Cedros para poder generar mayor bienestar a 150 familias m\u00e1s que residen en esta comunidad, la m\u00e1s alejada de Ensenada y que tiene un rezago hist\u00f3rico\u201d, afirm\u00f3.<\/p>\n<p>Armando Ayala reiter\u00f3 que \u201cseguiremos apoyando a las familias que residen en Isla de Cedros a trav\u00e9s del Programa de Mejoramiento de Vivienda.<\/p>\n<p>Record\u00f3 que actualmente la Comisi\u00f3n Nacional de Vivienda se encuentra ejecutando un proyecto de rehabilitaci\u00f3n, ampliaci\u00f3n y construcci\u00f3n de vivienda nueva en beneficio de 141 familias cedre\u00f1as.<br \/>\u00a0<br \/>Reiter\u00f3 que con el trabajo coordinado entre la CONAVI, el Ayuntamiento y la colaboraci\u00f3n de personal de la Exportadora de Sal y de la cooperativa Pescadores Nacionales de Abul\u00f3n (PNA), se desarroll\u00f3 un importante operativo log\u00edstico que permiti\u00f3 el arribo y descarga de los materiales en \u00f3ptimas condiciones.<\/p>\n<p><br \/>Por otra parte, el alcalde Armando Ayala puntualiz\u00f3 que se firm\u00f3 un convenio para conciliar apoyos adicionales a familias que tuvieron que ser reubicadas en la colonia 1989, con motivo de la construcci\u00f3n de la calle Nueva Inglaterra, obra que se ejecut\u00f3 con recursos de la Sedatu.<\/p>\n","protected":false},"excerpt":{"rendered":"","protected":false},"author":1,"featured_media":2951091,"comment_status":"open","ping_status":"closed","sticky":false,"template":"","format":"standard","meta":{"footnotes":""},"categories":[1],"tags":[],"class_list":["post-2951089","post","type-post","status-publish","format-standard","has-post-thumbnail","hentry","category-uncategorized"],"_links":{"self":[{"href":"https:\/\/agpnoticias.com\/news\/index.php?rest_route=\/wp\/v2\/posts\/2951089","targetHints":{"allow":["GET"]}}],"collection":[{"href":"https:\/\/agpnoticias.com\/news\/index.php?rest_route=\/wp\/v2\/posts"}],"about":[{"href":"https:\/\/agpnoticias.com\/news\/index.php?rest_route=\/wp\/v2\/types\/post"}],"author":[{"embeddable":true,"href":"https:\/\/agpnoticias.com\/news\/index.php?rest_route=\/wp\/v2\/users\/1"}],"replies":[{"embeddable":true,"href":"https:\/\/agpnoticias.com\/news\/index.php?rest_route=%2Fwp%2Fv2%2Fcomments&post=2951089"}],"version-history":[{"count":1,"href":"https:\/\/agpnoticias.com\/news\/index.php?rest_route=\/wp\/v2\/posts\/2951089\/revisions"}],"predecessor-version":[{"id":2951090,"href":"https:\/\/agpnoticias.com\/news\/index.php?rest_route=\/wp\/v2\/posts\/2951089\/revisions\/2951090"}],"wp:featuredmedia":[{"embeddable":true,"href":"https:\/\/agpnoticias.com\/news\/index.php?rest_route=\/wp\/v2\/media\/2951091"}],"wp:attachment":[{"href":"https:\/\/agpnoticias.com\/news\/index.php?rest_route=%2Fwp%2Fv2%2Fmedia&parent=2951089"}],"wp:term":[{"taxonomy":"category","embeddable":true,"href":"https:\/\/agpnoticias.com\/news\/index.php?rest_route=%2Fwp%2Fv2%2Fcategories&post=2951089"},{"taxonomy":"post_tag","embeddable":true,"href":"https:\/\/agpnoticias.com\/news\/index.php?rest_route=%2Fwp%2Fv2%2Ftags&post=2951089"}],"curies":[{"name":"wp","href":"https:\/\/api.w.org\/{rel}","templated":true}]}}