{"id":2951092,"date":"2023-02-05T18:02:51","date_gmt":"2023-02-06T02:02:51","guid":{"rendered":"https:\/\/agpnoticias.com\/news\/?p=2951092"},"modified":"2023-02-05T18:02:53","modified_gmt":"2023-02-06T02:02:53","slug":"es-marina-del-pilar-coordinadora-de-la-agenda-de-bienestar-social-entre-gobernadores-de-mexico","status":"publish","type":"post","link":"https:\/\/agpnoticias.com\/news\/?p=2951092","title":{"rendered":"Es Marina del Pilar coordinadora de la agenda de Bienestar Social entre Gobernadores de M\u00e9xico"},"content":{"rendered":"\n\n\n<p>Quer\u00e9taro, Quer\u00e9taro.- Para fortalecer, en conjunto con el Gobierno de M\u00e9xico encabezado por el Presidente Andr\u00e9s Manuel L\u00f3pez Obrador, la agenda social y el bienestar de las y los mexicanos, la Gobernadora de Baja California, Marina del Pilar Avila Olmeda, form\u00f3 parte de la Reuni\u00f3n Ordinaria de la Conferencia Nacional de Gobernadores (CONAGO) que tuvo lugar en el Estado de Quer\u00e9taro.<\/p>\n<p>En la reuni\u00f3n, la mandataria bajacaliforniana fue nombrada coordinadora de la Comisi\u00f3n de Bienestar social de la CONAGO, as\u00ed como vicecoordinadora de las comisiones de Asuntos Migratorios, Fomento a la Industria Vitivin\u00edcola e Igualdad entre Mujeres y Hombres. A trav\u00e9s de dicho nombramiento, la Gobernadora bajacaliforniana fortalecer\u00e1 la coordinaci\u00f3n entre las entidades federativas para mejorar la calidad de vida de las familias mexicanas.<\/p>\n<p>Las y los mandatarios estatales destacaron la labor de la Gobernadora Marina de Pilar para coordinarse con la Federaci\u00f3n con el fin de apoyar a los grupos en condici\u00f3n de vulnerabilidad, especialmente personas adultas mayores, personas con discapacidad, mujeres jefas de familia, as\u00ed como ni\u00f1as, ni\u00f1os y adolescentes.<\/p>\n<p>En el marco del 106 Aniversario de la Promulgaci\u00f3n de la Constituci\u00f3n Mexicana de 1917, la Gobernadora Marina del Pilar reiter\u00f3 la importancia de fortalecer a la CONAGO e impulsar los derechos de quienes m\u00e1s lo necesitan, as\u00ed como seguir impulsando reformas que contin\u00faen con la transformaci\u00f3n social que necesita el pa\u00eds.<\/p>\n<p>En la reuni\u00f3n, en la que participaron los mandatarios de diversas entidades de la Rep\u00fablica, se atendieron temas clave para el fortalecimiento de la instituci\u00f3n y se privilegi\u00f3 la generaci\u00f3n de acuerdos interinstitucionales dedicados a impulsar pol\u00edticas p\u00fablicas que beneficien a las familias mexicanas.<\/p>\n<p>Marina del Pilar reconoci\u00f3 la presencia del Presidente Andr\u00e9s Manuel L\u00f3pez Obrador en la reuni\u00f3n de los Gobernadores, ya que implica la unidad de todos l\u00edderes en todas las entidades federativas de la Rep\u00fablica Mexicana y reafirma el compromiso de trabajar en conjunto para desarrollar acciones de gobierno concretas a trav\u00e9s de la coordinaci\u00f3n entre la Federaci\u00f3n y los Estados.<\/p>\n<p>Asimismo, la Titular del Poder Ejecutivo del Estado de Baja California particip\u00f3 en la ceremonia de conmemoraci\u00f3n del 106 Aniversario de la Promulgaci\u00f3n de la Constituci\u00f3n Pol\u00edtica de los Estados Unidos Mexicanos realizada en el Teatro de la Rep\u00fablica de la capital queretana.<\/p>\n<p>En el evento, en el que participaron los titulares de los Poderes de la Rep\u00fablica, se resalt\u00f3 la trascendencia de fortalecer el orden constitucional y su importancia hacia el reforzamiento del Estado de Derecho en M\u00e9xico, y se hizo una remembranza acerca del camino hist\u00f3rico que llev\u00f3 a la conformaci\u00f3n de la Carta Magna de nuestro Pa\u00eds<\/p>\n","protected":false},"excerpt":{"rendered":"","protected":false},"author":1,"featured_media":2951093,"comment_status":"open","ping_status":"closed","sticky":false,"template":"","format":"standard","meta":{"footnotes":""},"categories":[1],"tags":[],"class_list":["post-2951092","post","type-post","status-publish","format-standard","has-post-thumbnail","hentry","category-uncategorized"],"_links":{"self":[{"href":"https:\/\/agpnoticias.com\/news\/index.php?rest_route=\/wp\/v2\/posts\/2951092","targetHints":{"allow":["GET"]}}],"collection":[{"href":"https:\/\/agpnoticias.com\/news\/index.php?rest_route=\/wp\/v2\/posts"}],"about":[{"href":"https:\/\/agpnoticias.com\/news\/index.php?rest_route=\/wp\/v2\/types\/post"}],"author":[{"embeddable":true,"href":"https:\/\/agpnoticias.com\/news\/index.php?rest_route=\/wp\/v2\/users\/1"}],"replies":[{"embeddable":true,"href":"https:\/\/agpnoticias.com\/news\/index.php?rest_route=%2Fwp%2Fv2%2Fcomments&post=2951092"}],"version-history":[{"count":1,"href":"https:\/\/agpnoticias.com\/news\/index.php?rest_route=\/wp\/v2\/posts\/2951092\/revisions"}],"predecessor-version":[{"id":2951094,"href":"https:\/\/agpnoticias.com\/news\/index.php?rest_route=\/wp\/v2\/posts\/2951092\/revisions\/2951094"}],"wp:featuredmedia":[{"embeddable":true,"href":"https:\/\/agpnoticias.com\/news\/index.php?rest_route=\/wp\/v2\/media\/2951093"}],"wp:attachment":[{"href":"https:\/\/agpnoticias.com\/news\/index.php?rest_route=%2Fwp%2Fv2%2Fmedia&parent=2951092"}],"wp:term":[{"taxonomy":"category","embeddable":true,"href":"https:\/\/agpnoticias.com\/news\/index.php?rest_route=%2Fwp%2Fv2%2Fcategories&post=2951092"},{"taxonomy":"post_tag","embeddable":true,"href":"https:\/\/agpnoticias.com\/news\/index.php?rest_route=%2Fwp%2Fv2%2Ftags&post=2951092"}],"curies":[{"name":"wp","href":"https:\/\/api.w.org\/{rel}","templated":true}]}}