{"id":2951095,"date":"2023-02-05T18:13:50","date_gmt":"2023-02-06T02:13:50","guid":{"rendered":"https:\/\/agpnoticias.com\/news\/?p=2951095"},"modified":"2023-02-05T18:13:52","modified_gmt":"2023-02-06T02:13:52","slug":"continua-preparacion-de-ciclistas-bajacalifornianos-rumbo-a-los-nacionales-conade-2023","status":"publish","type":"post","link":"https:\/\/agpnoticias.com\/news\/?p=2951095","title":{"rendered":"Contin\u00faa preparaci\u00f3n de ciclistas bajacalifornianos rumbo a los Nacionales CONADE 2023"},"content":{"rendered":"\n\n\n<p>Mexicali, Baja California.- Los trabajos con los ciclistas bajacalifornianos no paran, y este fin de semana en la pista del vel\u00f3dromo del Centro de Alto Rendimiento (CAR) en Tijuana se llevaron a cabo entrenamientos intensos con cada uno de los atletas.<\/p>\n<p>Bajo la supervisi\u00f3n de Maribel D\u00edaz Flores, entrenadora de ciclismo del Instituto del Deporte y la Cultura F\u00edsica de Baja California (INDE BC), los 13 atletas provenientes de Mexicali, ejecutaron pruebas individuales de la pista para fortalecer el trabajo t\u00e9cnico.<\/p>\n<p>En esta ocasi\u00f3n, solo se concentraron los ciclistas mexicalenses, en las categor\u00edas A a Sub 23, ya que de los municipios de Tijuana y Ensenada se encontraban en la competencia Estatal del ciclismo de monta\u00f1a que se realiz\u00f3 este s\u00e1bado en la \u201cCenicienta del Pac\u00edfico\u201d.<\/p>\n<p>Adem\u00e1s, apunt\u00f3 D\u00edaz, se cerr\u00f3 el entrenamiento de pulimento con el ciclista Jes\u00fas Daniel Garc\u00eda, de la categor\u00eda Sub 23, ya que en pr\u00f3ximos d\u00edas participar\u00e1 en el Campeonato Nacional de Ciclismo de Pista en Guadalajara, Jalisco, y despu\u00e9s har\u00e1 concentraci\u00f3n con la selecci\u00f3n nacional.<\/p>\n<p>La siguiente etapa es el Macro Regional del 23 al 26 de marzo y que tendr\u00e1 lugar en Monterrey, Nuevo Le\u00f3n, fase donde se definir\u00e1 a la selecci\u00f3n del Estado 29 para los Nacionales CONADE 2023, donde la disciplina tendr\u00e1 por sede a Aguascalientes.<\/p>\n","protected":false},"excerpt":{"rendered":"","protected":false},"author":1,"featured_media":2951096,"comment_status":"open","ping_status":"closed","sticky":false,"template":"","format":"standard","meta":{"footnotes":""},"categories":[692],"tags":[],"class_list":["post-2951095","post","type-post","status-publish","format-standard","has-post-thumbnail","hentry","category-ciclismo"],"_links":{"self":[{"href":"https:\/\/agpnoticias.com\/news\/index.php?rest_route=\/wp\/v2\/posts\/2951095","targetHints":{"allow":["GET"]}}],"collection":[{"href":"https:\/\/agpnoticias.com\/news\/index.php?rest_route=\/wp\/v2\/posts"}],"about":[{"href":"https:\/\/agpnoticias.com\/news\/index.php?rest_route=\/wp\/v2\/types\/post"}],"author":[{"embeddable":true,"href":"https:\/\/agpnoticias.com\/news\/index.php?rest_route=\/wp\/v2\/users\/1"}],"replies":[{"embeddable":true,"href":"https:\/\/agpnoticias.com\/news\/index.php?rest_route=%2Fwp%2Fv2%2Fcomments&post=2951095"}],"version-history":[{"count":1,"href":"https:\/\/agpnoticias.com\/news\/index.php?rest_route=\/wp\/v2\/posts\/2951095\/revisions"}],"predecessor-version":[{"id":2951097,"href":"https:\/\/agpnoticias.com\/news\/index.php?rest_route=\/wp\/v2\/posts\/2951095\/revisions\/2951097"}],"wp:featuredmedia":[{"embeddable":true,"href":"https:\/\/agpnoticias.com\/news\/index.php?rest_route=\/wp\/v2\/media\/2951096"}],"wp:attachment":[{"href":"https:\/\/agpnoticias.com\/news\/index.php?rest_route=%2Fwp%2Fv2%2Fmedia&parent=2951095"}],"wp:term":[{"taxonomy":"category","embeddable":true,"href":"https:\/\/agpnoticias.com\/news\/index.php?rest_route=%2Fwp%2Fv2%2Fcategories&post=2951095"},{"taxonomy":"post_tag","embeddable":true,"href":"https:\/\/agpnoticias.com\/news\/index.php?rest_route=%2Fwp%2Fv2%2Ftags&post=2951095"}],"curies":[{"name":"wp","href":"https:\/\/api.w.org\/{rel}","templated":true}]}}