{"id":2951169,"date":"2022-12-05T17:33:00","date_gmt":"2022-12-06T01:33:00","guid":{"rendered":"https:\/\/agpnoticias.com\/news\/?p=2951169"},"modified":"2023-02-07T17:36:04","modified_gmt":"2023-02-08T01:36:04","slug":"blasquez-pide-a-rector-de-la-uabc-acudir-al-congreso-a-rendir-cuentas","status":"publish","type":"post","link":"https:\/\/agpnoticias.com\/news\/?p=2951169","title":{"rendered":"Bl\u00e1squez pide a Rector de la UABC acudir al Congreso a rendir cuentas"},"content":{"rendered":"\n\n\n<p><span style=\"font-size: 1.1rem;\">Mexicali, Baja California.- El diputado Marco Antonio Bl\u00e1squez sugiri\u00f3 al rector de la UABC Daniel Octavio Valdez Delgadillo atienda el citatorio a comparecer que le ha formulado el Congreso de Baja California.<\/span><\/p>\n<p>Como es de conocimiento p\u00fablico, el Congreso local aprob\u00f3 la semana pasada un acuerdo de la Junta de Coordinaci\u00f3n en la que se requiere a Valdez Delgadillo para hacer precisiones de la cuenta p\u00fablica 2020, el pr\u00f3ximo 13 de diciembre.<\/p>\n<p>El legislador petista asegur\u00f3 que son facultades del Congreso fiscalizar y citar a comparecer a todas las instituciones que ejerzan presupuesto estatal, as\u00ed sean aut\u00f3nomas.<\/p>\n<p>De acuerdo con Bl\u00e1squez, tanto la Constituci\u00f3n de BC como la ley de Fiscalizaci\u00f3n y Rendici\u00f3n de cuentas vinculan al Rector a responder a las inquietudes de los diputados.<\/p>\n<p>\u201cSi bien los \u00f3rganos p\u00fablicos aut\u00f3nomos act\u00faan con independencia del gobierno, al formar parte del Estado, no est\u00e1n exentos de la rendici\u00f3n de cuentas, la fiscalizaci\u00f3n y, en su caso, de la responsabilidad de sus servidores p\u00fablicos\u201d, acot\u00f3 el legislador tijuanense.<\/p>\n<p>De acuerdo con Bl\u00e1squez existe un criterio orientador de la Suprema Corte de Justicia que establece que \u201cla autonom\u00eda no se viola por la verificaci\u00f3n que haga la entidad de Fiscalizaci\u00f3n Superior de los subsidios que se otorgan a las Universidades, lo cual aplica tanto a la esfera federal como a la estatal\u201d.<\/p>\n<p>Bl\u00e1squez precis\u00f3 que la autonom\u00eda universitaria se circunscribe a lo siguiente:<br \/>\u201cLa facultad y la responsabilidad de gobernarse a s\u00ed mismo, de realizar sus fines de educar, investigar y difundir la cultura, con libertad de c\u00e1tedra e investigaci\u00f3n y de examen y discusi\u00f3n de las ideas, de formular sus planes de estudio y de adoptar sus programas, as\u00ed como de fijar los t\u00e9rminos de ingreso, promoci\u00f3n y permanencia de su personal acad\u00e9mico y de administraci\u00f3n de su patrimonio\u201d.<\/p>\n","protected":false},"excerpt":{"rendered":"","protected":false},"author":1,"featured_media":2951170,"comment_status":"open","ping_status":"closed","sticky":false,"template":"","format":"standard","meta":{"footnotes":""},"categories":[1],"tags":[],"class_list":["post-2951169","post","type-post","status-publish","format-standard","has-post-thumbnail","hentry","category-uncategorized"],"_links":{"self":[{"href":"https:\/\/agpnoticias.com\/news\/index.php?rest_route=\/wp\/v2\/posts\/2951169","targetHints":{"allow":["GET"]}}],"collection":[{"href":"https:\/\/agpnoticias.com\/news\/index.php?rest_route=\/wp\/v2\/posts"}],"about":[{"href":"https:\/\/agpnoticias.com\/news\/index.php?rest_route=\/wp\/v2\/types\/post"}],"author":[{"embeddable":true,"href":"https:\/\/agpnoticias.com\/news\/index.php?rest_route=\/wp\/v2\/users\/1"}],"replies":[{"embeddable":true,"href":"https:\/\/agpnoticias.com\/news\/index.php?rest_route=%2Fwp%2Fv2%2Fcomments&post=2951169"}],"version-history":[{"count":1,"href":"https:\/\/agpnoticias.com\/news\/index.php?rest_route=\/wp\/v2\/posts\/2951169\/revisions"}],"predecessor-version":[{"id":2951171,"href":"https:\/\/agpnoticias.com\/news\/index.php?rest_route=\/wp\/v2\/posts\/2951169\/revisions\/2951171"}],"wp:featuredmedia":[{"embeddable":true,"href":"https:\/\/agpnoticias.com\/news\/index.php?rest_route=\/wp\/v2\/media\/2951170"}],"wp:attachment":[{"href":"https:\/\/agpnoticias.com\/news\/index.php?rest_route=%2Fwp%2Fv2%2Fmedia&parent=2951169"}],"wp:term":[{"taxonomy":"category","embeddable":true,"href":"https:\/\/agpnoticias.com\/news\/index.php?rest_route=%2Fwp%2Fv2%2Fcategories&post=2951169"},{"taxonomy":"post_tag","embeddable":true,"href":"https:\/\/agpnoticias.com\/news\/index.php?rest_route=%2Fwp%2Fv2%2Ftags&post=2951169"}],"curies":[{"name":"wp","href":"https:\/\/api.w.org\/{rel}","templated":true}]}}