{"id":2951172,"date":"2022-12-06T17:39:00","date_gmt":"2022-12-07T01:39:00","guid":{"rendered":"https:\/\/agpnoticias.com\/news\/?p=2951172"},"modified":"2023-02-07T17:42:03","modified_gmt":"2023-02-08T01:42:03","slug":"plantea-diputado-roman-cota-que-guarderia-de-baja-california-operen-las-24-horas","status":"publish","type":"post","link":"https:\/\/agpnoticias.com\/news\/?p=2951172","title":{"rendered":"Plantea diputado Rom\u00e1n Cota que guarder\u00eda de Baja California operen las 24 horas"},"content":{"rendered":"\n<p><span style=\"font-size: 1.1rem;\">Mexicali, Baja California .- Con la finalidad de que sea de veinticuatro horas el servicio de los Centros de Atenci\u00f3n Infantiles, el Diputado Rom\u00e1n Cota Mu\u00f1oz present\u00f3 una iniciativa por la que se reforma la Ley local en la materia.<\/span><\/p>\n<p>Al referirse en su exposici\u00f3n de motivos a las madres trabajadoras, indic\u00f3 que, en nuestro Estado el 70 por ciento son madres solteras, y aproximadamente la mitad tiene tres hijos o m\u00e1s.<\/p>\n<p>Lo anterior, -dijo- nos coloca en una realidad en la cual, el hecho de ser madre requiere una labor de tiempo cuasi completo, con la necesidad de buscar un empleo que cubra con los bienes y servicios b\u00e1sicos, y que adem\u00e1s se adapte a las necesidades que cada madre tiene dentro de su contexto familiar.<\/p>\n<p>Por otro lado, consider\u00f3 que con el inminente arribo de la pandemia COVID-19, emergieron nuevas empresas, negocios digitales y con ello un desenfrenado incremento a la tasa de empleo informal, con un 54.2 por ciento el equivalente a 27.6 millones de personas en todo el pa\u00eds.<\/p>\n<p>Agreg\u00f3 que, d\u00eda a d\u00eda incrementa la demanda de empleos en horarios fuera de los l\u00edmites convencionales, es decir, entre las 10 de la noche y las 6 de la ma\u00f1ana.<\/p>\n<p>Una situaci\u00f3n que crea un escenario dif\u00edcil para las familias; sin mencionar los turnos nocturnos, mixtos y los ?turnos especiales ? en el gran mercado de las f\u00e1bricas manufactureras que han incrementado durante el a\u00f1o pasado y el a\u00f1o en curso.<\/p>\n<p>Luego expuso que, a lo anterior \u201cse suma el retroceso en el acceso a servicios, que deriva del desmantelamiento de programas p\u00fablicos de cuidado infantil, como el caso de los programas de Estancias Infantiles para apoyar a madres trabajadoras, el de Atenci\u00f3n a Jornaleros Agr\u00edcolas, y los recortes a programas como Escuelas de Tiempo Completo y Educaci\u00f3n Inicial de CONAFE\u201d, argumentos que sustenta la organizaci\u00f3n internacional Save The Children.<\/p>\n<p>Se\u00f1al\u00f3 que la falta de estos espacios de cuidado hace m\u00e1s vulnerables a las ni\u00f1as y ni\u00f1os frente al abuso sexual infantil, enfatizando en que el 75 por ciento de los casos de abuso sexual infantil se dan dentro del \u00e1mbito familiar, o por una persona que pertenece al c\u00edrculo cercano de la familia.<\/p>\n<p>Es decir, los agresores son t\u00edos, primos, amigos o vecinos, siendo un espacio donde los ni\u00f1os deber\u00edan estar m\u00e1s seguros y protegidos. Por lo cual, M\u00e9xico es el primer lugar en abuso sexual infantil a nivel mundial.<\/p>\n<p>Resalt\u00f3 que el Estado cuenta con Centros de Atenci\u00f3n, Cuidado y Desarrollo Integral Infantil en modalidades p\u00fablicas, privadas y mixtas, en distintos tipos y modalidades, habiendo 4 tipos regulados por la Ley de Centros de Atenci\u00f3n, Cuidado y Desarrollo Infantil del Estado que pretende reformar.<\/p>\n<p>Sin embargo, subray\u00f3 que no es suficiente, ya que el escenario social ha cambiado y con las necesidades de este segmento de la sociedad, buscando que el tipo tres y cuatro del art\u00edculo 46 de la Ley en comento, se convierta en un centro de atenci\u00f3n para menores de edad las 24 horas del d\u00eda y de car\u00e1cter universal. En los cuales, madres trabajadoras puedan llevar a sus hijos para que sean atendidos por personal capacitado, mientras cumplen con sus jornadas o actividades laborales, siendo en su mayor\u00eda, padres y madres trabajadores de industria manufacturera.<\/p>\n","protected":false},"excerpt":{"rendered":"","protected":false},"author":1,"featured_media":2951173,"comment_status":"open","ping_status":"closed","sticky":false,"template":"","format":"standard","meta":{"footnotes":""},"categories":[1],"tags":[],"class_list":["post-2951172","post","type-post","status-publish","format-standard","has-post-thumbnail","hentry","category-uncategorized"],"_links":{"self":[{"href":"https:\/\/agpnoticias.com\/news\/index.php?rest_route=\/wp\/v2\/posts\/2951172","targetHints":{"allow":["GET"]}}],"collection":[{"href":"https:\/\/agpnoticias.com\/news\/index.php?rest_route=\/wp\/v2\/posts"}],"about":[{"href":"https:\/\/agpnoticias.com\/news\/index.php?rest_route=\/wp\/v2\/types\/post"}],"author":[{"embeddable":true,"href":"https:\/\/agpnoticias.com\/news\/index.php?rest_route=\/wp\/v2\/users\/1"}],"replies":[{"embeddable":true,"href":"https:\/\/agpnoticias.com\/news\/index.php?rest_route=%2Fwp%2Fv2%2Fcomments&post=2951172"}],"version-history":[{"count":1,"href":"https:\/\/agpnoticias.com\/news\/index.php?rest_route=\/wp\/v2\/posts\/2951172\/revisions"}],"predecessor-version":[{"id":2951174,"href":"https:\/\/agpnoticias.com\/news\/index.php?rest_route=\/wp\/v2\/posts\/2951172\/revisions\/2951174"}],"wp:featuredmedia":[{"embeddable":true,"href":"https:\/\/agpnoticias.com\/news\/index.php?rest_route=\/wp\/v2\/media\/2951173"}],"wp:attachment":[{"href":"https:\/\/agpnoticias.com\/news\/index.php?rest_route=%2Fwp%2Fv2%2Fmedia&parent=2951172"}],"wp:term":[{"taxonomy":"category","embeddable":true,"href":"https:\/\/agpnoticias.com\/news\/index.php?rest_route=%2Fwp%2Fv2%2Fcategories&post=2951172"},{"taxonomy":"post_tag","embeddable":true,"href":"https:\/\/agpnoticias.com\/news\/index.php?rest_route=%2Fwp%2Fv2%2Ftags&post=2951172"}],"curies":[{"name":"wp","href":"https:\/\/api.w.org\/{rel}","templated":true}]}}