{"id":2951208,"date":"2023-02-08T17:35:53","date_gmt":"2023-02-09T01:35:53","guid":{"rendered":"https:\/\/agpnoticias.com\/news\/?p=2951208"},"modified":"2023-02-08T17:36:42","modified_gmt":"2023-02-09T01:36:42","slug":"beneficia-provino-a-ninos-de-el-porvenir-con-cancha-de-futbol","status":"publish","type":"post","link":"https:\/\/agpnoticias.com\/news\/?p=2951208","title":{"rendered":"Beneficia PROVINO a ni\u00f1os de El Porvenir con cancha de futbol"},"content":{"rendered":"\n<p><span style=\"font-size: 1.1rem;\">Ensenada, Baja California.- El presidente municipal Armando Ayala Robles inaugur\u00f3 la cancha de futbol r\u00e1pido dentro de Casa Hogar Rancho de los Ni\u00f1os, la cual fue rehabilitada con inversi\u00f3n de 750 mil pesos por parte de Provino de Baja California, A. C.<\/span><\/p>\n<p><img fetchpriority=\"high\" decoding=\"async\" class=\"aligncenter size-full wp-image-2951210\" src=\"https:\/\/agpnoticias.com\/news\/wp-content\/uploads\/2023\/02\/E4DC88FA-9AFD-4174-9FF5-001F1DFE7228.jpeg\" alt=\"\" width=\"1024\" height=\"683\" \/><\/p>\n<p>Durante su mensaje, el primer edil felicit\u00f3 a la asociaci\u00f3n vin\u00edcola, no s\u00f3lo por promover y representar al vino de la regi\u00f3n, sino por sumar esfuerzos para beneficiar a la comunidad con este tipo de acciones de responsabilidad social.<br \/>Lo anterior, apunt\u00f3 el presidente de Ensenada, porque el espacio deportivo no favorece \u00fanicamente a los 80 menores que residen en la casa hogar, sino a todos los y las infantes que habitan en el poblado. <br \/>Ayala Robles enfatiz\u00f3 que durante su gesti\u00f3n como alcalde ha buscado trabajar de la mano con la iniciativa privada para hacer m\u00e1s obras dentro de las comunidades, por lo que estar\u00e1 siempre a favor de grupos empresariales y asociaciones que ven por el bien com\u00fan como ha hecho Provino.<\/p>\n<p><a href=\"https:\/\/agpnoticias.com\/news\/beneficia-provino-a-ninos-de-el-porvenir-con-cancha-de-futbol\/845b8438-7ec5-4ee3-921a-97c78f7ebbdc\/\" rel=\"attachment wp-att-2951211\"><img decoding=\"async\" class=\"aligncenter size-full wp-image-2951211\" src=\"https:\/\/agpnoticias.com\/news\/wp-content\/uploads\/2023\/02\/845B8438-7EC5-4EE3-921A-97C78F7EBBDC.jpeg\" alt=\"\" width=\"1200\" height=\"675\" \/><\/a><br \/>\u201cEs importante impulsar el desarrollo de Ensenada y, en este caso, construir con acciones que favorezcan al Valle de Guadalupe y con el orden correspondiente\u201d, subray\u00f3, tras felicitar a la asociaci\u00f3n vin\u00edcola por esta obra que promueve la actividad f\u00edsica de la infancia y la juventud.<\/p>\n<p><a href=\"https:\/\/agpnoticias.com\/news\/beneficia-provino-a-ninos-de-el-porvenir-con-cancha-de-futbol\/0fbccb33-0fc9-4ef8-a8fd-c682532caa87\/\" rel=\"attachment wp-att-2951214\"><img decoding=\"async\" class=\"aligncenter size-full wp-image-2951214\" src=\"https:\/\/agpnoticias.com\/news\/wp-content\/uploads\/2023\/02\/0FBCCB33-0FC9-4EF8-A8FD-C682532CAA87.jpeg\" alt=\"\" width=\"1200\" height=\"675\" \/><\/a><br \/>El alcalde afirm\u00f3 que las empresas, los grupos civiles y cualquier organismo siempre tendr\u00e1n el respaldo del Gobierno Municipal para seguir impulsando proyectos que estimulen los sue\u00f1os y aspiraciones de la poblaci\u00f3n infantil de Ensenada. <br \/>Mauricio Cant\u00fa Barajas, presidente de Provino Baja California, explic\u00f3 que el organismo a su cargo representa a 80 casas vin\u00edcolas de los diferentes valles de la entidad y es l\u00edder dentro del sector nacional, por lo que esta obra deportiva es muestra de las acciones sociedad y gobierno.<br \/>\u201cDebido a la actividad en los diferentes valles, tratamos de promover el tejido social mediante el deporte, el arte y la cultura, as\u00ed como ser solidarios y conscientes de lo que ocurre en ellos para dejar una huella positiva\u201d, afirm\u00f3 Cant\u00fa Barajas.<br \/>Para esta obra, inform\u00f3, se destin\u00f3 recurso de los diferentes eventos que Provino llev\u00f3 a cabo en el 2022, por lo que optamos por hacer esta cancha deportiva para que quede en el coraz\u00f3n de la comunidad y no se pierda con acciones m\u00e1s peque\u00f1as.<br \/>El empresario asegur\u00f3 que dentro del Valle de Guadalupe, tambi\u00e9n han organizado diferentes conferencias, talleres, ciclos de cine y clases de arte sin costo para las y los habitantes, adem\u00e1s de la instalaci\u00f3n de huertos comunitarios y la generaci\u00f3n de composta con residuos org\u00e1nicos.<br \/>Respecto al tema deportivo, dijo que esta cancha se materializ\u00f3 gracias la aportaci\u00f3n de la iniciativa privada, agremiados a esta asociaci\u00f3n y al convenio entre Provino y el XXIV Ayuntamiento para que parte de los impuestos fueran destinados a obras sociales. <br \/>Finalmente, Jorge Fonseca, director de la casa hogar, agradeci\u00f3 a las autoridades municipales y a los asociados a Provino por hacer realidad el sue\u00f1o de los infantes y adolescentes ah\u00ed residen, ya que anteriormente jugaban sobre la tierra y eso afectaba su salud.<br \/>\u201cAdem\u00e1s esta cancha de futbol r\u00e1pido permitir\u00e1 entrenar y mejorar su calidad de juego, ya que muchos de ellos practican este deporte de manera habitual; es algo que les apasiona y los ha llevado a participar en algunas competencias locales\u201d, destac\u00f3 el directivo. <br \/>A la apertura acudieron Sergio Ayala Laveaga, regidor y presidente de la Comisi\u00f3n de Deporte; Georgina Arvizu Gayt\u00e1n, directora de Desarrollo Regional y Delegaciones; Wenceslao Mart\u00ednez y \u00c1lvaro Romero, secretario y tesorero de Provino, respectivamente, as\u00ed como patrocinadores del proyecto; residentes del albergue, vecinos y comerciantes de la zona.<\/p>\n","protected":false},"excerpt":{"rendered":"","protected":false},"author":1,"featured_media":2951209,"comment_status":"open","ping_status":"closed","sticky":false,"template":"","format":"standard","meta":{"footnotes":""},"categories":[1],"tags":[595],"class_list":["post-2951208","post","type-post","status-publish","format-standard","has-post-thumbnail","hentry","category-uncategorized","tag-destacado"],"_links":{"self":[{"href":"https:\/\/agpnoticias.com\/news\/index.php?rest_route=\/wp\/v2\/posts\/2951208","targetHints":{"allow":["GET"]}}],"collection":[{"href":"https:\/\/agpnoticias.com\/news\/index.php?rest_route=\/wp\/v2\/posts"}],"about":[{"href":"https:\/\/agpnoticias.com\/news\/index.php?rest_route=\/wp\/v2\/types\/post"}],"author":[{"embeddable":true,"href":"https:\/\/agpnoticias.com\/news\/index.php?rest_route=\/wp\/v2\/users\/1"}],"replies":[{"embeddable":true,"href":"https:\/\/agpnoticias.com\/news\/index.php?rest_route=%2Fwp%2Fv2%2Fcomments&post=2951208"}],"version-history":[{"count":6,"href":"https:\/\/agpnoticias.com\/news\/index.php?rest_route=\/wp\/v2\/posts\/2951208\/revisions"}],"predecessor-version":[{"id":2951218,"href":"https:\/\/agpnoticias.com\/news\/index.php?rest_route=\/wp\/v2\/posts\/2951208\/revisions\/2951218"}],"wp:featuredmedia":[{"embeddable":true,"href":"https:\/\/agpnoticias.com\/news\/index.php?rest_route=\/wp\/v2\/media\/2951209"}],"wp:attachment":[{"href":"https:\/\/agpnoticias.com\/news\/index.php?rest_route=%2Fwp%2Fv2%2Fmedia&parent=2951208"}],"wp:term":[{"taxonomy":"category","embeddable":true,"href":"https:\/\/agpnoticias.com\/news\/index.php?rest_route=%2Fwp%2Fv2%2Fcategories&post=2951208"},{"taxonomy":"post_tag","embeddable":true,"href":"https:\/\/agpnoticias.com\/news\/index.php?rest_route=%2Fwp%2Fv2%2Ftags&post=2951208"}],"curies":[{"name":"wp","href":"https:\/\/api.w.org\/{rel}","templated":true}]}}