{"id":2952600,"date":"2023-03-10T14:54:53","date_gmt":"2023-03-10T22:54:53","guid":{"rendered":"https:\/\/agpnoticias.com\/news\/?p=2952600"},"modified":"2023-03-11T13:05:22","modified_gmt":"2023-03-11T21:05:22","slug":"este-domingo-cambia-la-hora-en-baja-california","status":"publish","type":"post","link":"https:\/\/agpnoticias.com\/news\/?p=2952600","title":{"rendered":"Este domingo cambia la hora en Baja California"},"content":{"rendered":"\n\n\n<p>Ensenada, Baja California.- El pr\u00f3ximo domingo 12 de marzo, entra en vigor el horario estacional fronterizo norte, por lo que el Gobierno de Ensenada llama a la comunidad a adelantar sus relojes una hora.<br \/>El presidente municipal Armando Ayala Robles manifest\u00f3 que el horario estacional fronterizo norte surtir\u00e1 efecto desde las dos horas del segundo domingo de marzo, y concluir\u00e1 a las dos horas del primer domingo de noviembre.<br \/>Record\u00f3 que esta medida de aumentar 60 minutos el reloj, para dar entrada al nuevo horario Pac\u00edfico, es decir en Baja California, M\u00e9xico est\u00e1 publicado en el decreto por el que se expide la Ley de los Husos Horarios en los Estados Unidos Mexicanos.<br \/>Ayala Robles mencion\u00f3 que con este cambio de horario, la poblaci\u00f3n tendr\u00e1 la oportunidad de aprovechar m\u00e1s la luz natural dentro de sus hogares y lugares de trabajo, al haber m\u00e1s horas de sol.<br \/>Reiter\u00f3 el llamado a las y los ensenadenses a adelantar una hora el reloj, el s\u00e1bado antes de irse a dormir, adem\u00e1s de que en equipos digitales como son tel\u00e9fonos m\u00f3viles, tabletas, computadoras y otros dispositivos, por lo general el cambio se hace de manera autom\u00e1tica.<\/p>\n","protected":false},"excerpt":{"rendered":"","protected":false},"author":1,"featured_media":2952601,"comment_status":"open","ping_status":"closed","sticky":false,"template":"","format":"standard","meta":{"footnotes":""},"categories":[1,1151,1152,1065],"tags":[],"class_list":["post-2952600","post","type-post","status-publish","format-standard","has-post-thumbnail","hentry","category-uncategorized","category-portada","category-editor-seleccion","category-tendencia"],"_links":{"self":[{"href":"https:\/\/agpnoticias.com\/news\/index.php?rest_route=\/wp\/v2\/posts\/2952600","targetHints":{"allow":["GET"]}}],"collection":[{"href":"https:\/\/agpnoticias.com\/news\/index.php?rest_route=\/wp\/v2\/posts"}],"about":[{"href":"https:\/\/agpnoticias.com\/news\/index.php?rest_route=\/wp\/v2\/types\/post"}],"author":[{"embeddable":true,"href":"https:\/\/agpnoticias.com\/news\/index.php?rest_route=\/wp\/v2\/users\/1"}],"replies":[{"embeddable":true,"href":"https:\/\/agpnoticias.com\/news\/index.php?rest_route=%2Fwp%2Fv2%2Fcomments&post=2952600"}],"version-history":[{"count":1,"href":"https:\/\/agpnoticias.com\/news\/index.php?rest_route=\/wp\/v2\/posts\/2952600\/revisions"}],"predecessor-version":[{"id":2952602,"href":"https:\/\/agpnoticias.com\/news\/index.php?rest_route=\/wp\/v2\/posts\/2952600\/revisions\/2952602"}],"wp:featuredmedia":[{"embeddable":true,"href":"https:\/\/agpnoticias.com\/news\/index.php?rest_route=\/wp\/v2\/media\/2952601"}],"wp:attachment":[{"href":"https:\/\/agpnoticias.com\/news\/index.php?rest_route=%2Fwp%2Fv2%2Fmedia&parent=2952600"}],"wp:term":[{"taxonomy":"category","embeddable":true,"href":"https:\/\/agpnoticias.com\/news\/index.php?rest_route=%2Fwp%2Fv2%2Fcategories&post=2952600"},{"taxonomy":"post_tag","embeddable":true,"href":"https:\/\/agpnoticias.com\/news\/index.php?rest_route=%2Fwp%2Fv2%2Ftags&post=2952600"}],"curies":[{"name":"wp","href":"https:\/\/api.w.org\/{rel}","templated":true}]}}