{"id":2952637,"date":"2023-03-11T13:41:30","date_gmt":"2023-03-11T21:41:30","guid":{"rendered":"https:\/\/agpnoticias.com\/news\/?p=2952637"},"modified":"2023-03-11T13:41:54","modified_gmt":"2023-03-11T21:41:54","slug":"salud-de-ignacio-lopez-tarso-empeora-ya-no-puede-comer-revela-hijo","status":"publish","type":"post","link":"https:\/\/agpnoticias.com\/news\/?p=2952637","title":{"rendered":"Salud de Ignacio L\u00f3pez Tarso empeora; \u00abya no puede comer\u00bb, revela hijo"},"content":{"rendered":"\n<p data-t=\"{&quot;n&quot;:&quot;blueLinks&quot;}\">Ciudad de M\u00e9xico.- Ignacio L\u00f3pez Tarso se mantiene en terapia intermedia tras sufrir neumon\u00eda y ser internado en un hospital.<\/p>\n<p data-t=\"{&quot;n&quot;:&quot;blueLinks&quot;}\">El hijo del\u00a0<strong>primer actor mexicano<\/strong>\u00a0revel\u00f3 que su padre \u201csigue dando la batalla\u201d contra la enfermedad, pero su salud es delicada e incluso \u201cya no puede comer\u201d.<\/p>\n<div class=\"media media-element-container media-default\">\n<div class=\"article-clear-div\">\u00a0<\/div>\n<div class=\"article-image-slot image-slot-placeholder\" data-image-href=\"https:\/\/www.msn.com\/es-mx\/noticias\/mexico\/salud-de-ignacio-l%C3%B3pez-tarso-empeora-ya-no-puede-comer-revela-hijo\/ar-AA18uZyI?ocid=hpmsn&amp;cvid=d72aff6b3b3c477b86ea56d43ef1ec44&amp;ei=15&amp;fullscreen=true#image=2\" data-doc-id=\"cms\/api\/amp\/image\/AA18vh4O\" data-rendered=\"true\">\n<div class=\"article-image-container   \" data-t=\"{&quot;n&quot;:&quot;OpenModal&quot;,&quot;t&quot;:13}\"><a class=\"article-image-height-wrapper\" href=\"https:\/\/www.msn.com\/es-mx\/noticias\/mexico\/salud-de-ignacio-l%C3%B3pez-tarso-empeora-ya-no-puede-comer-revela-hijo\/ar-AA18uZyI?ocid=hpmsn&amp;cvid=d72aff6b3b3c477b86ea56d43ef1ec44&amp;ei=15&amp;fullscreen=true#image=2\" target=\"_self\" data-t=\"{&quot;n&quot;:&quot;destination&quot;,&quot;t&quot;:14,&quot;b&quot;:1,&quot;c.t&quot;:14}\" rel=\"noopener\"><img decoding=\"async\" class=\"article-image article-image-ux-impr\" tabindex=\"0\" title=\"Juan Ignacio Aranda\" src=\"https:\/\/img-s-msn-com.akamaized.net\/tenant\/amp\/entityid\/AA18vh4O.img?w=768&amp;h=576&amp;m=6&amp;x=476&amp;y=101&amp;s=127&amp;d=127\" alt=\"Juan Ignacio Aranda\" \/><\/a>\n<div>\u00a0<\/div>\n<p class=\"image-caption-container image-caption-container-ux-impr   content-small-text\"><span style=\"font-size: revert; color: initial;\">Juan Ignacio Aranda comparti\u00f3 un mensaje en redes donde se informa de la salud de Ignacio L\u00f3pez Tarso, el actor de 98 a\u00f1os.<\/span><\/p>\n<\/div>\n<\/div>\n<\/div>\n<p>Don Ignacio L\u00f3pez Tarso, mi padre, est\u00e1 dando la batalla contra una neumon\u00eda grave. Su estado de salud en genera es delicado. Sigue en terapia intermedia\u201d, coment\u00f3.<\/p>\n<p data-t=\"{&quot;n&quot;:&quot;blueLinks&quot;}\">El protagonista de Macario, primera pel\u00edcula mexicana nominada al Oscar, se mantiene sin poder comer y ya presenta insuficiencia renal, cardiaca, pulmonar y otras.<\/p>\n<p>(L\u00f3pez Tarso) tiene insuficiencia renal, card\u00edaca, pulmonar, etc. Est\u00e1 semi inconsciente. No puede hablar. No puede comer. Le puse a Vivaldi en la madrugada. Estuve con \u00e9l desde las 11pm\u201d.<\/p>\n<p data-t=\"{&quot;n&quot;:&quot;blueLinks&quot;}\">Se esperaba que L\u00f3pez Tarso fuera dado de alta este jueves, sin embargo, su salud empeor\u00f3 de forma repentina por lo que seguir\u00e1 hospitalizado.<\/p>\n<p data-t=\"{&quot;n&quot;:&quot;blueLinks&quot;}\">Por \u00faltimo, Juan Ignacio Aranda agradeci\u00f3 las muestras de cari\u00f1o de los fans, as\u00ed como los m\u00e9dicos y enfermeras que han cuidado de su padre.<\/p>\n","protected":false},"excerpt":{"rendered":"","protected":false},"author":1,"featured_media":2952638,"comment_status":"open","ping_status":"closed","sticky":false,"template":"","format":"standard","meta":{"footnotes":""},"categories":[1,1064],"tags":[],"class_list":["post-2952637","post","type-post","status-publish","format-standard","has-post-thumbnail","hentry","category-uncategorized","category-espectaculos-2"],"_links":{"self":[{"href":"https:\/\/agpnoticias.com\/news\/index.php?rest_route=\/wp\/v2\/posts\/2952637","targetHints":{"allow":["GET"]}}],"collection":[{"href":"https:\/\/agpnoticias.com\/news\/index.php?rest_route=\/wp\/v2\/posts"}],"about":[{"href":"https:\/\/agpnoticias.com\/news\/index.php?rest_route=\/wp\/v2\/types\/post"}],"author":[{"embeddable":true,"href":"https:\/\/agpnoticias.com\/news\/index.php?rest_route=\/wp\/v2\/users\/1"}],"replies":[{"embeddable":true,"href":"https:\/\/agpnoticias.com\/news\/index.php?rest_route=%2Fwp%2Fv2%2Fcomments&post=2952637"}],"version-history":[{"count":2,"href":"https:\/\/agpnoticias.com\/news\/index.php?rest_route=\/wp\/v2\/posts\/2952637\/revisions"}],"predecessor-version":[{"id":2952640,"href":"https:\/\/agpnoticias.com\/news\/index.php?rest_route=\/wp\/v2\/posts\/2952637\/revisions\/2952640"}],"wp:featuredmedia":[{"embeddable":true,"href":"https:\/\/agpnoticias.com\/news\/index.php?rest_route=\/wp\/v2\/media\/2952638"}],"wp:attachment":[{"href":"https:\/\/agpnoticias.com\/news\/index.php?rest_route=%2Fwp%2Fv2%2Fmedia&parent=2952637"}],"wp:term":[{"taxonomy":"category","embeddable":true,"href":"https:\/\/agpnoticias.com\/news\/index.php?rest_route=%2Fwp%2Fv2%2Fcategories&post=2952637"},{"taxonomy":"post_tag","embeddable":true,"href":"https:\/\/agpnoticias.com\/news\/index.php?rest_route=%2Fwp%2Fv2%2Ftags&post=2952637"}],"curies":[{"name":"wp","href":"https:\/\/api.w.org\/{rel}","templated":true}]}}