{"id":2953193,"date":"2023-03-21T17:30:40","date_gmt":"2023-03-22T00:30:40","guid":{"rendered":"https:\/\/agpnoticias.com\/news\/?p=2953193"},"modified":"2023-03-21T17:30:43","modified_gmt":"2023-03-22T00:30:43","slug":"el-actor-octavio-ocana-fue-ejecutado-revela-peritaje-independiente","status":"publish","type":"post","link":"https:\/\/agpnoticias.com\/news\/?p=2953193","title":{"rendered":"El actor Octavio Oca\u00f1a fue ejecutado revela peritaje independiente"},"content":{"rendered":"\n\n\n<p>Ciudad de M\u00e9xico.- Tras su detenci\u00f3n sobre una carretera en Cuautitl\u00e1n Izcalli, el actor <strong>Octavio Oca\u00f1a<\/strong>\u00a0fue\u00a0<strong>sometido<\/strong>\u00a0y\u00a0<strong>ejecutado<\/strong>, revel\u00f3 un\u00a0<strong>peritaje independiente<\/strong>\u00a0solicitado por la familia.<\/p>\n<p>El\u00a0<strong>criminalista Mauricio Res\u00e9ndiz<\/strong>\u00a0detect\u00f3 irregularidades en la narraci\u00f3n de los hechos dada a conocer por la Fiscal\u00eda General de Justicia del Estado de M\u00e9xico (FGJEM).<\/p>\n<p>De acuerdo con el peritaje independiente dado a conocer por\u00a0<a href=\"https:\/\/www.milenio.com\/policia\/octavio-ocana-actor-fue-sometido-y-ejecutado-perito-independiente\" target=\"_blank\" rel=\"noopener noreferrer\"><em>Milenio<\/em><\/a>\u00a0\u201cno existen indicios de huellas\u201d que determinen que Octavio Oca\u00f1a accionara o manipulara el arma calibre .380 con la que, seg\u00fan se dijo en un inicio, se dispar\u00f3.<\/p>\n<p>Tampoco se hall\u00f3 \u201cproducci\u00f3n e intercambio de indicios de car\u00e1cter qu\u00edmico\u201d que establezcan que el actor accionara cualquier arma el d\u00eda en que muri\u00f3.<\/p>\n<p>La Fiscal\u00eda mexiquense asegur\u00f3 que Oca\u00f1a portaba un arma de fuego cuando polic\u00edas de Cuautitl\u00e1n Izcalli le marcaron el alto y que al intentar evadirlos choc\u00f3 sobre la Chamapa-Lecher\u00eda, impacto por el cual se dispar\u00f3 de manera accidental en la cabeza y muri\u00f3.<\/p>\n<p>Sin embargo, el nuevo an\u00e1lisis pericial concluy\u00f3 que el joven de 22 a\u00f1os \u201cno realiz\u00f3 ninguna acci\u00f3n tendiente al suicidio\u201d.<\/p>\n<p>Respecto a los impactos de bala en la camioneta en la que viajaba el perito determin\u00f3 que se realizaron con un calibre superior a la pistola calibre .380 implicada en los hechos.<\/p>\n<p>Mauricio Res\u00e9ndiz resolvi\u00f3 que Octavio Oca\u00f1a fue bajado de la unidad y sometido en el piso con la cara hacia el lado derecho, para acto seguido, recibir un disparo en el cr\u00e1neo a una distancia de poco m\u00e1s de un metro.<\/p>\n<blockquote>\n<p>Es lesionado por un proyectil disparado al exterior del veh\u00edculo cuando se encontraba en posici\u00f3n dec\u00fabito ventral con su cabeza lateralizada hacia la derecha y sobre un costado de la carpeta asf\u00e1ltica\u201d, dice el peritaje.<\/p>\n<\/blockquote>\n<p><strong>Octavio Oca\u00f1a<\/strong>, famoso por su papel de \u2018<strong>Benito<\/strong>\u2018 en la serie\u00a0<strong><em>Vecinos<\/em><\/strong>, muri\u00f3 la tarde del\u00a0<a href=\"https:\/\/lopezdoriga.com\/entretenimiento\/benito-vecinos-octavio-ocana-baleado\/\" target=\"_blank\" rel=\"noopener\">29 de octubre de 2021<\/a>\u00a0a consecuencia de un\u00a0<strong>disparo<\/strong>\u00a0en la cabeza y tras chocar al ser perseguido por polic\u00edas de\u00a0<strong>Cuautitl\u00e1n Izcalli<\/strong>.<\/p>\n<p>De acuerdo con la Fiscal\u00eda del Edomex el joven de 22 a\u00f1os aceler\u00f3 la marcha cuando polic\u00edas de Cuautitl\u00e1n Izcalli le marcaron el alto por conducir con un\u00a0<strong>arma de fuego<\/strong>\u00a0en la mano, hecho que hab\u00eda sido reportado al 911.<\/p>\n<p>La persecuci\u00f3n se extendi\u00f3 hasta la Chamapa-Lecher\u00eda, donde\u00a0<strong>Octavio Oca\u00f1a<\/strong>\u00a0perdi\u00f3 el control de su camioneta, choc\u00f3 y producto del impacto se\u00a0<a href=\"https:\/\/lopezdoriga.com\/entretenimiento\/octavio-ocana-edomex-fiscalia-investigacion\/\" target=\"_blank\" rel=\"noopener\">dispar\u00f3 accidentalmente<\/a>\u00a0en la cabeza.<\/p>\n<p>La FGJEM inform\u00f3 adem\u00e1s que el actor dio positivo a\u00a0<a href=\"https:\/\/lopezdoriga.com\/entretenimiento\/octavio-ocana-positivo-alcohol-mariguana\/\" target=\"_blank\" rel=\"noopener\">alcohol y mariguana<\/a>.<\/p>\n<p>Tras conocer la versi\u00f3n de las autoridades el padre de Oca\u00f1a,\u00a0<strong>Octavio<\/strong>\u00a0<strong>P\u00e9rez<\/strong>, reconoci\u00f3 que su hijo ten\u00eda un arma de fuego, pero asegur\u00f3 que el disparo que lo mat\u00f3 no era del calibre de su pistola, por lo que presumi\u00f3, fueron\u00a0<strong>polic\u00edas<\/strong>\u00a0de Cuautitl\u00e1n Izcalli quienes\u00a0<a href=\"https:\/\/lopezdoriga.com\/entretenimiento\/octavio-ocana-actor-arma-policias\/\" target=\"_blank\" rel=\"noopener\">lo asesinaron<\/a>.<\/p>\n<p>Denunci\u00f3 tambi\u00e9n m\u00faltiples irregularidades en el procesamiento de la escena del crimen y la investigaci\u00f3n de lo ocurrido.<\/p>\n<p>Con informaci\u00f3n de Milenio y L\u00f3pez-D\u00f3riga Digital<\/p>\n","protected":false},"excerpt":{"rendered":"","protected":false},"author":1,"featured_media":2953194,"comment_status":"closed","ping_status":"closed","sticky":false,"template":"","format":"standard","meta":{"footnotes":""},"categories":[1064],"tags":[],"class_list":["post-2953193","post","type-post","status-publish","format-standard","has-post-thumbnail","hentry","category-espectaculos-2"],"_links":{"self":[{"href":"https:\/\/agpnoticias.com\/news\/index.php?rest_route=\/wp\/v2\/posts\/2953193","targetHints":{"allow":["GET"]}}],"collection":[{"href":"https:\/\/agpnoticias.com\/news\/index.php?rest_route=\/wp\/v2\/posts"}],"about":[{"href":"https:\/\/agpnoticias.com\/news\/index.php?rest_route=\/wp\/v2\/types\/post"}],"author":[{"embeddable":true,"href":"https:\/\/agpnoticias.com\/news\/index.php?rest_route=\/wp\/v2\/users\/1"}],"replies":[{"embeddable":true,"href":"https:\/\/agpnoticias.com\/news\/index.php?rest_route=%2Fwp%2Fv2%2Fcomments&post=2953193"}],"version-history":[{"count":1,"href":"https:\/\/agpnoticias.com\/news\/index.php?rest_route=\/wp\/v2\/posts\/2953193\/revisions"}],"predecessor-version":[{"id":2953195,"href":"https:\/\/agpnoticias.com\/news\/index.php?rest_route=\/wp\/v2\/posts\/2953193\/revisions\/2953195"}],"wp:featuredmedia":[{"embeddable":true,"href":"https:\/\/agpnoticias.com\/news\/index.php?rest_route=\/wp\/v2\/media\/2953194"}],"wp:attachment":[{"href":"https:\/\/agpnoticias.com\/news\/index.php?rest_route=%2Fwp%2Fv2%2Fmedia&parent=2953193"}],"wp:term":[{"taxonomy":"category","embeddable":true,"href":"https:\/\/agpnoticias.com\/news\/index.php?rest_route=%2Fwp%2Fv2%2Fcategories&post=2953193"},{"taxonomy":"post_tag","embeddable":true,"href":"https:\/\/agpnoticias.com\/news\/index.php?rest_route=%2Fwp%2Fv2%2Ftags&post=2953193"}],"curies":[{"name":"wp","href":"https:\/\/api.w.org\/{rel}","templated":true}]}}