{"id":2953201,"date":"2023-03-21T17:38:51","date_gmt":"2023-03-22T00:38:51","guid":{"rendered":"https:\/\/agpnoticias.com\/news\/?p=2953201"},"modified":"2023-03-21T17:38:53","modified_gmt":"2023-03-22T00:38:53","slug":"anuncian-cambio-en-categorias-y-arreas-de-latin-grammy-2023","status":"publish","type":"post","link":"https:\/\/agpnoticias.com\/news\/?p=2953201","title":{"rendered":"Anuncian cambio en categor\u00edas y arreas de Latin Grammy 2023"},"content":{"rendered":"\n<p>Los \u00c1ngeles, California.- La <strong>Academia Latina de la Grabaci\u00f3n<\/strong>, organizadora de los\u00a0<strong>Latin<\/strong>\u00a0<strong>Grammy<\/strong>,\u00a0<a href=\"https:\/\/www.latingrammy.com\/es\/news\/se-anuncian-nuevas-categor-as-y-rea-del-latin-grammy\" target=\"_blank\" rel=\"noopener noreferrer\">anunci\u00f3 este martes<\/a>\u00a0<strong>dos nuevas categor\u00edas<\/strong>, una de ellas para canciones en lengua portuguesa y una nueva \u00e1rea en estos premios, adem\u00e1s de\u00a0<strong>cambios<\/strong>\u00a0en las existentes, con el fin de acompa\u00f1ar la \u201cevoluci\u00f3n constante\u201d de la m\u00fasica.<\/p>\n<p>Nuestro compromiso es servir y representar apropiadamente a los creadores de m\u00fasica latina\u201d, dijo\u00a0<strong>Manuel Abud<\/strong>, director ejecutivo de la Academia con sede en Miami, en un comunicado dos d\u00edas antes del inicio del proceso de inscripci\u00f3n de candidaturas para la edici\u00f3n de los premios correspondiente a 2023.<\/p>\n<p>Una de las novedades es la creaci\u00f3n de un \u00c1rea de Composici\u00f3n, para reconocer \u201cla excelencia escrita, la profesi\u00f3n y el arte de componer canciones\u201d.<\/p>\n<p>Los compositores candidatos en esa \u00e1rea deben tener un m\u00ednimo de seis canciones reci\u00e9n escritas por las que reciban cr\u00e9dito como compositor o co-compositor y de las que no sean int\u00e9rpretes, productores o ingenieros, dice el comunicado.<\/p>\n<p><blockquote class=\"twitter-tweet\" data-width=\"550\" data-dnt=\"true\"><p lang=\"es\" dir=\"ltr\">?? Con emoci\u00f3n queremos anunciar varios cambios, adem\u00e1s de a\u00f1adir un \u00e1rea y categor\u00edas adicionales, al proceso de premiaci\u00f3n del <a href=\"https:\/\/twitter.com\/hashtag\/LatinGRAMMY?src=hash&amp;ref_src=twsrc%5Etfw\">#LatinGRAMMY<\/a> <a href=\"https:\/\/t.co\/5dL6dN5Gyt\">https:\/\/t.co\/5dL6dN5Gyt<\/a> <a href=\"https:\/\/t.co\/65BIhpmXvF\">pic.twitter.com\/65BIhpmXvF<\/a><\/p>&mdash; The Latin Recording Academy \/ Latin GRAMMYs (@LatinGRAMMYs) <a href=\"https:\/\/twitter.com\/LatinGRAMMYs\/status\/1638179656640913411?ref_src=twsrc%5Etfw\">March 21, 2023<\/a><\/blockquote><script async src=\"https:\/\/platform.twitter.com\/widgets.js\" charset=\"utf-8\"><\/script><\/p>\n<p>Las nuevas categor\u00edas son Mejor Canci\u00f3n de Cantautor y Mejor Interpretaci\u00f3n Urbana en Lengua Portuguesa.<\/p>\n<p>Para ser elegible en la nueva categor\u00eda en el \u00c1rea de Cantautor, por lo menos el 51 por ciento de la letra del sencillo o el corte debe ser en espa\u00f1ol, portugu\u00e9s o cualquier dialecto aut\u00f3ctono regional y debe pertenecer a un \u00e1lbum actual de cantautor que compite en la categor\u00eda de \u00c1lbum de Cantautor ese a\u00f1o.<\/p>\n<p>La nueva categor\u00eda dentro del \u00c1rea de Lengua Portuguesa \u201creconoce la enorme cantidad de m\u00fasica urbana que se est\u00e1 creando en Brasil y Portugal\u201d, subraya la Academia.<\/p>\n<p>Los sencillos o cortes de esta categor\u00eda nueva pueden incluir una fusi\u00f3n de estilos urbanos con otros g\u00e9neros siempre que el car\u00e1cter urbano predomine.<\/p>\n<p>Adem\u00e1s, la Academia anunci\u00f3 una modificaci\u00f3n en la categor\u00eda \u00c1lbum del A\u00f1o, que establece que por lo menos el 51 por ciento del tiempo total de los \u00e1lbumes en el \u00c1rea General debe ser material reci\u00e9n grabado.<\/p>\n<p>Se otorga al artista o al(a los) productor(es), ingeniero(s), mezclador(es), masterizador(es) y compositor(es) de 33 por cientod el tiempo total del \u00e1lbum si no es el propio artista quien lo recibe.<\/p>\n<p>En las categor\u00edas de Canci\u00f3n, ahora es obligatorio incluir la fecha de composici\u00f3n cuando se inscribe un producto.<\/p>\n<p>Tambi\u00e9n hay nuevos criterios para Mejor Ingenier\u00eda de Grabaci\u00f3n para un \u00c1lbum, pues \u201cse otorga al(a los) ingeniero(s) de grabaci\u00f3n e ingeniero(s) de mezcla acreditado(s) con al menos un 33 % del \u00e1lbum y masterizador(es) acreditados con al menos 51% del \u00e1lbum dentro del \u00c1rea de Producci\u00f3n\u201d.<\/p>\n<p>Todas las actualizaciones entrar\u00e1n en vigor de inmediato para la pr\u00f3xima entrega anual de los premios, que tendr\u00e1 lugar en noviembre en una ciudad aun no anunciada oficialmente, aunque ha trascendido que se baraja Sevilla (Espa\u00f1a).<\/p>\n<p>El proceso de inscripci\u00f3n en l\u00ednea del Latin Grammy de este a\u00f1o empieza el jueves, 23 de marzo de 2023.<\/p>\n<p>Con informaci\u00f3n de EFE<\/p>\n","protected":false},"excerpt":{"rendered":"","protected":false},"author":1,"featured_media":2953202,"comment_status":"closed","ping_status":"closed","sticky":false,"template":"","format":"standard","meta":{"footnotes":""},"categories":[1064],"tags":[],"class_list":["post-2953201","post","type-post","status-publish","format-standard","has-post-thumbnail","hentry","category-espectaculos-2"],"_links":{"self":[{"href":"https:\/\/agpnoticias.com\/news\/index.php?rest_route=\/wp\/v2\/posts\/2953201","targetHints":{"allow":["GET"]}}],"collection":[{"href":"https:\/\/agpnoticias.com\/news\/index.php?rest_route=\/wp\/v2\/posts"}],"about":[{"href":"https:\/\/agpnoticias.com\/news\/index.php?rest_route=\/wp\/v2\/types\/post"}],"author":[{"embeddable":true,"href":"https:\/\/agpnoticias.com\/news\/index.php?rest_route=\/wp\/v2\/users\/1"}],"replies":[{"embeddable":true,"href":"https:\/\/agpnoticias.com\/news\/index.php?rest_route=%2Fwp%2Fv2%2Fcomments&post=2953201"}],"version-history":[{"count":1,"href":"https:\/\/agpnoticias.com\/news\/index.php?rest_route=\/wp\/v2\/posts\/2953201\/revisions"}],"predecessor-version":[{"id":2953203,"href":"https:\/\/agpnoticias.com\/news\/index.php?rest_route=\/wp\/v2\/posts\/2953201\/revisions\/2953203"}],"wp:featuredmedia":[{"embeddable":true,"href":"https:\/\/agpnoticias.com\/news\/index.php?rest_route=\/wp\/v2\/media\/2953202"}],"wp:attachment":[{"href":"https:\/\/agpnoticias.com\/news\/index.php?rest_route=%2Fwp%2Fv2%2Fmedia&parent=2953201"}],"wp:term":[{"taxonomy":"category","embeddable":true,"href":"https:\/\/agpnoticias.com\/news\/index.php?rest_route=%2Fwp%2Fv2%2Fcategories&post=2953201"},{"taxonomy":"post_tag","embeddable":true,"href":"https:\/\/agpnoticias.com\/news\/index.php?rest_route=%2Fwp%2Fv2%2Ftags&post=2953201"}],"curies":[{"name":"wp","href":"https:\/\/api.w.org\/{rel}","templated":true}]}}