{"id":2953204,"date":"2023-03-21T17:42:57","date_gmt":"2023-03-22T00:42:57","guid":{"rendered":"https:\/\/agpnoticias.com\/news\/?p=2953204"},"modified":"2023-03-21T17:42:59","modified_gmt":"2023-03-22T00:42:59","slug":"fallece-will-reed-doble-campeon-de-la-nba","status":"publish","type":"post","link":"https:\/\/agpnoticias.com\/news\/?p=2953204","title":{"rendered":"Fallece Will Reed, doble campe\u00f3n de la NBA"},"content":{"rendered":"\n\n\n<p>Los \u00c1ngeles, California.- Willis Reed, legendario p\u00edvot de los\u00a0<a href=\"https:\/\/www.nba.com\/knicks\" target=\"_blank\" rel=\"noopener noreferrer\"><strong>New York Knicks<\/strong><\/a>\u00a0y doble campe\u00f3n\u00a0<strong>NBA<\/strong>,\u00a0<strong>muri\u00f3<\/strong>\u00a0este martes a los<strong>\u00a080 a\u00f1os de edad<\/strong>, inform\u00f3 la franquicia neoyorquina en un comunicado.<\/p>\n<p><blockquote class=\"twitter-tweet\" data-width=\"550\" data-dnt=\"true\"><p lang=\"fr\" dir=\"ltr\">Our Captain. <a href=\"https:\/\/t.co\/2Bg1ro4y37\">pic.twitter.com\/2Bg1ro4y37<\/a><\/p>&mdash; NEW YORK KNICKS (@nyknicks) <a href=\"https:\/\/twitter.com\/nyknicks\/status\/1638265799633780737?ref_src=twsrc%5Etfw\">March 21, 2023<\/a><\/blockquote><script async src=\"https:\/\/platform.twitter.com\/widgets.js\" charset=\"utf-8\"><\/script><\/p>\n<p>Los Knicks expresaron su p\u00e9same por la muerte de un jugador de \u201cincomparable liderazgo, compromiso y \u00e9tica laboral\u201d y aseguraron que \u201csu legado durar\u00e1 para siempre\u201d.<\/p>\n<p>\u201cMientras lloramos, siempre nos esforzaremos por mantener los est\u00e1ndares que nos dej\u00f3: liderazgo, sacrificio y \u00e9tica de trabajo inigualables, que lo personificaron como un campe\u00f3n entre campeones. El suyo es un legado que vivir\u00e1 para siempre\u201d, apunt\u00f3 el equipo.<\/p>\n<p>\u201cLa comunidad del baloncesto perdi\u00f3 a una leyenda. Nuestros corazones est\u00e1n con la familia, amigos y aficionados de Willis Reed\u201d, escribi\u00f3 la Asociaci\u00f3n de Jugadores Retirados de la NBA en una nota.<\/p>\n<p>Nativo de Bernice (Luisiana), Reed jug\u00f3 toda su carrera en los Knicks, de 1964 a 1974, siendo campe\u00f3n en 1970 y en 1973.<\/p>\n<p>El p\u00edvot, considerado como uno de los mejores l\u00edderes en la historia del baloncesto estadounidense, tambi\u00e9n fue MVP de esas Finales, adem\u00e1s de ser MVP de la temporada regular de 1970.<\/p>\n<p>Miembro del Sal\u00f3n de la Fama de la NBA desde 1982, Reed tambi\u00e9n fue entrenador de los Knicks en el curso 1977-78.<\/p>\n<p>Con informaci\u00f3n de EFE<\/p>\n","protected":false},"excerpt":{"rendered":"","protected":false},"author":1,"featured_media":2953205,"comment_status":"closed","ping_status":"closed","sticky":false,"template":"","format":"standard","meta":{"footnotes":""},"categories":[1147,1151],"tags":[],"class_list":["post-2953204","post","type-post","status-publish","format-standard","has-post-thumbnail","hentry","category-nba","category-portada"],"_links":{"self":[{"href":"https:\/\/agpnoticias.com\/news\/index.php?rest_route=\/wp\/v2\/posts\/2953204","targetHints":{"allow":["GET"]}}],"collection":[{"href":"https:\/\/agpnoticias.com\/news\/index.php?rest_route=\/wp\/v2\/posts"}],"about":[{"href":"https:\/\/agpnoticias.com\/news\/index.php?rest_route=\/wp\/v2\/types\/post"}],"author":[{"embeddable":true,"href":"https:\/\/agpnoticias.com\/news\/index.php?rest_route=\/wp\/v2\/users\/1"}],"replies":[{"embeddable":true,"href":"https:\/\/agpnoticias.com\/news\/index.php?rest_route=%2Fwp%2Fv2%2Fcomments&post=2953204"}],"version-history":[{"count":1,"href":"https:\/\/agpnoticias.com\/news\/index.php?rest_route=\/wp\/v2\/posts\/2953204\/revisions"}],"predecessor-version":[{"id":2953206,"href":"https:\/\/agpnoticias.com\/news\/index.php?rest_route=\/wp\/v2\/posts\/2953204\/revisions\/2953206"}],"wp:featuredmedia":[{"embeddable":true,"href":"https:\/\/agpnoticias.com\/news\/index.php?rest_route=\/wp\/v2\/media\/2953205"}],"wp:attachment":[{"href":"https:\/\/agpnoticias.com\/news\/index.php?rest_route=%2Fwp%2Fv2%2Fmedia&parent=2953204"}],"wp:term":[{"taxonomy":"category","embeddable":true,"href":"https:\/\/agpnoticias.com\/news\/index.php?rest_route=%2Fwp%2Fv2%2Fcategories&post=2953204"},{"taxonomy":"post_tag","embeddable":true,"href":"https:\/\/agpnoticias.com\/news\/index.php?rest_route=%2Fwp%2Fv2%2Ftags&post=2953204"}],"curies":[{"name":"wp","href":"https:\/\/api.w.org\/{rel}","templated":true}]}}