{"id":2953207,"date":"2023-03-21T17:52:26","date_gmt":"2023-03-22T00:52:26","guid":{"rendered":"https:\/\/agpnoticias.com\/news\/?p=2953207"},"modified":"2023-03-21T17:52:28","modified_gmt":"2023-03-22T00:52:28","slug":"seleccion-mexicana-viaja-a-surinam-con-base-de-jugadores-de-la-liga-mx-y-tres-europeos","status":"publish","type":"post","link":"https:\/\/agpnoticias.com\/news\/?p=2953207","title":{"rendered":"Selecci\u00f3n Mexicana viaja a Surinam con base de jugadores de la Liga MX y tres europeos"},"content":{"rendered":"\n\n\n<p>Paramaribo, Surinam.- La <strong><a href=\"https:\/\/twitter.com\/miseleccionmx\" target=\"_blank\" rel=\"noopener noreferrer\">Selecci\u00f3n<\/a>\u00a0Mexicana de Futbol<\/strong>\u00a0viaj\u00f3 a Paramaribo,\u00a0<strong>Surinam<\/strong>, para encarar su pen\u00faltimo partido de la fase de grupos de la\u00a0<strong>Liga de Naciones de la Concacaf<\/strong>, con una base de jugadores de la liga local y tres que militan en el balompi\u00e9 europeo.<\/p>\n<p><blockquote class=\"twitter-tweet\" data-width=\"550\" data-dnt=\"true\"><p lang=\"es\" dir=\"ltr\">\u00a1Nos vemos en unos d\u00edas, CAR! ?? ??<br>? ? ??<a href=\"https:\/\/twitter.com\/hashtag\/LaSelecci%C3%B3nEsDeTodos?src=hash&amp;ref_src=twsrc%5Etfw\">#LaSelecci\u00f3nEsDeTodos<\/a> <a href=\"https:\/\/t.co\/oI6CEH9v9q\">pic.twitter.com\/oI6CEH9v9q<\/a><\/p>&mdash; Selecci\u00f3n Nacional (@miseleccionmx) <a href=\"https:\/\/twitter.com\/miseleccionmx\/status\/1638259690814468105?ref_src=twsrc%5Etfw\">March 21, 2023<\/a><\/blockquote><script async src=\"https:\/\/platform.twitter.com\/widgets.js\" charset=\"utf-8\"><\/script><\/p>\n<p>Los futbolistas que est\u00e1n en campeonatos de\u00a0<strong>Europa<\/strong>\u00a0son los laterales Juli\u00e1n Araujo, del Barcelona espa\u00f1ol, y Gerardo Arteaga, del Genk belga, y el central Johan V\u00e1squez, del Cremonese italiano.<\/p>\n<div id=\"ros-inread-x7pa9h\" class=\"ad-container dfp-ad-unit ad-inread ad-main-inread ad-slot\" data-ad-type=\"inread\" data-slot=\"inread\" data-ad-loaded=\"1\" data-ad-setup=\"{&quot;postID&quot;:1514863,&quot;canRefresh&quot;:false,&quot;infinitescroll&quot;:false}\" data-google-query-id=\"CMjspPun7v0CFdTi_QUdHO8C6w\">\n<p id=\"google_ads_iframe_\/76814929\/ld\/inread_0__container__\"><span style=\"font-size: revert; color: initial;\">Estos se unir\u00e1n a los <\/span><strong style=\"font-size: revert; color: initial;\">jugadores<\/strong><span style=\"font-size: revert; color: initial;\">\u00a0de la liga neerlandesa, el delantero Santiago Gim\u00e9nez, del Feyenoord, y Erick Guti\u00e9rrez, del PSV Eindhoven, quienes tomaron un vuelo de Pa\u00edses Bajos a Surinam.<\/span><\/p>\n<\/div>\n<p>El argentino\u00a0<strong>Diego Cocca<\/strong>, seleccionador de M\u00e9xico, convoc\u00f3 a\u00a0<strong>34 jugadores<\/strong>\u00a0para los \u00faltimos dos partidos de la fase de grupos de la Liga de Naciones, la visita a Surinam y el duelo de local ante Jamaica, este domingo en el Estadio Azteca.<\/p>\n<p>El grupo se dividi\u00f3 en dos partes, unos permanecer\u00e1n concentrados en el\u00a0<strong>Centro de Alto Rendimiento<\/strong>\u00a0de Ciudad de M\u00e9xico y otros 22 que encarar\u00e1n el duelo ante los surinam\u00e9s.<\/p>\n<p>\u201cEsta decisi\u00f3n es porque es un viaje largo, complicado y un periodo de\u00a0<strong>tres<\/strong>\u00a0d\u00edas entre\u00a0<strong>juegos<\/strong>. Pueden ser m\u00e1s de siete horas de viaje a Surinam, influye el cambio de horario con los jugadores que vienen de Europa y el que hay en\u00a0<strong>Surinam<\/strong>\u201c, explic\u00f3 el director de selecciones mexicanas masculinas, Jaime Ordiales.<\/p>\n<p>Los que permanecieron en la capital mexicana son la base que estuvo en el\u00a0<strong>Mundial Qatar 2022<\/strong>, entre los que se destacan Hirving Lozano, del Napol\u00e9s italiano, y C\u00e9sar Montes, del Espanyol de LaLiga.<\/p>\n<p>\u201cLos que se van a quedar seguramente jugar\u00e1n m\u00e1s tiempo ante\u00a0<strong>Jamaica<\/strong>, iremos viendo. Tengo que ir conociendo a todos y cada uno. Realmente las impresiones son muy buenas por el poco tiempo que estamos juntos, por lo que me transmiten ellos de lo que sintieron de parte nuestra\u201d, expres\u00f3 Cocca, en su primer entrenamiento para estos duelos de la Liga de Naciones.<\/p>\n<p>M\u00e9xico se juega su pase a la fase final de la\u00a0<strong>Liga de Naciones de la Concacaf<\/strong>\u00a0ante Surinam y Jamaica ya que ocupa la segunda posici\u00f3n del grupo A con cuatro puntos, uno menos que los l\u00edderes, los jamaiquinos.<\/p>\n<p>Se espera que la Selecci\u00f3n Mexicana aterrice en la tarde de este martes en Surinam y este mi\u00e9rcoles tenga su primer entrenamiento en\u00a0<strong>Paramaribo<\/strong>.<\/p>\n<p>Con informaci\u00f3n de EFE<\/p>\n","protected":false},"excerpt":{"rendered":"","protected":false},"author":1,"featured_media":2953208,"comment_status":"closed","ping_status":"closed","sticky":false,"template":"","format":"standard","meta":{"footnotes":""},"categories":[1151,1149],"tags":[],"class_list":["post-2953207","post","type-post","status-publish","format-standard","has-post-thumbnail","hentry","category-portada","category-seleccion-mexicana-2"],"_links":{"self":[{"href":"https:\/\/agpnoticias.com\/news\/index.php?rest_route=\/wp\/v2\/posts\/2953207","targetHints":{"allow":["GET"]}}],"collection":[{"href":"https:\/\/agpnoticias.com\/news\/index.php?rest_route=\/wp\/v2\/posts"}],"about":[{"href":"https:\/\/agpnoticias.com\/news\/index.php?rest_route=\/wp\/v2\/types\/post"}],"author":[{"embeddable":true,"href":"https:\/\/agpnoticias.com\/news\/index.php?rest_route=\/wp\/v2\/users\/1"}],"replies":[{"embeddable":true,"href":"https:\/\/agpnoticias.com\/news\/index.php?rest_route=%2Fwp%2Fv2%2Fcomments&post=2953207"}],"version-history":[{"count":1,"href":"https:\/\/agpnoticias.com\/news\/index.php?rest_route=\/wp\/v2\/posts\/2953207\/revisions"}],"predecessor-version":[{"id":2953209,"href":"https:\/\/agpnoticias.com\/news\/index.php?rest_route=\/wp\/v2\/posts\/2953207\/revisions\/2953209"}],"wp:featuredmedia":[{"embeddable":true,"href":"https:\/\/agpnoticias.com\/news\/index.php?rest_route=\/wp\/v2\/media\/2953208"}],"wp:attachment":[{"href":"https:\/\/agpnoticias.com\/news\/index.php?rest_route=%2Fwp%2Fv2%2Fmedia&parent=2953207"}],"wp:term":[{"taxonomy":"category","embeddable":true,"href":"https:\/\/agpnoticias.com\/news\/index.php?rest_route=%2Fwp%2Fv2%2Fcategories&post=2953207"},{"taxonomy":"post_tag","embeddable":true,"href":"https:\/\/agpnoticias.com\/news\/index.php?rest_route=%2Fwp%2Fv2%2Ftags&post=2953207"}],"curies":[{"name":"wp","href":"https:\/\/api.w.org\/{rel}","templated":true}]}}