{"id":2953217,"date":"2023-03-21T18:14:43","date_gmt":"2023-03-22T01:14:43","guid":{"rendered":"https:\/\/agpnoticias.com\/news\/?p=2953217"},"modified":"2023-03-21T18:14:45","modified_gmt":"2023-03-22T01:14:45","slug":"conmemora-ayuntamiento-217-aniversario-del-natalicio-de-don-benito-juarez-garcia","status":"publish","type":"post","link":"https:\/\/agpnoticias.com\/news\/?p=2953217","title":{"rendered":"Conmemora Ayuntamiento 217 Aniversario del Natalicio de don Benito Ju\u00e1rez Garc\u00eda"},"content":{"rendered":"\n<p><span style=\"font-size: revert;\">Ensenada, Baja California.- Con participaci\u00f3n de la escolta y banda de guerra de la Direcci\u00f3n de Seguridad P\u00fablica Municipal para los debidos honores patrios, el Gobierno de Ensenada llev\u00f3 a cabo una ceremonia conmemorativa por el CCXVII Aniversario del Natalicio de don Benito Ju\u00e1rez Garc\u00eda.<\/span><\/p>\n<p>La ceremonia se llev\u00f3 a cabo en el Sal\u00f3n Casino del Centro Social, C\u00edvico y Cultural Riviera de Ensenada, donde el secretario general de Gobierno, Rub\u00e9n Best Velasco, en representaci\u00f3n del alcalde, habl\u00f3 de la vida y obra del ex presidente mexicano, nacido un 21 de marzo de 1806 en San Pablo Guelatao, Oaxaca.<\/p>\n<p>Ante autoridades civiles, militares, escolares y culturales, el secretario general de Gobierno destac\u00f3 la importancia de que se fomenten los valores c\u00edvicos y se recuerde a personajes hist\u00f3ricos que impulsaron el patriotismo como fue Benito Ju\u00e1rez.<\/p>\n<p>El funcionario municipal destac\u00f3 que el pol\u00edtico mexicano ind\u00edgena y abogado, fue parteaguas para la historia de M\u00e9xico gracias a la Constituci\u00f3n de 1857 y la Guerra de Reforma, quien adem\u00e1s de haber sido gobernador del estado de Oaxaca y presidente de la Suprema Corte de Justicia de la Naci\u00f3n, ocup\u00f3 la Presidencia de M\u00e9xico de 1858 a 1872.<\/p>\n<p>Tambi\u00e9n conocido como Benem\u00e9rito de las Am\u00e9ricas por su lucha contra la invasi\u00f3n francesa, agreg\u00f3, Ju\u00e1rez estableci\u00f3 las bases sobre las que se fund\u00f3 el estado laico y la rep\u00fablica federal en M\u00e9xico.<\/p>\n<p>\u201cEn el tiempo que fungi\u00f3 como presidente de la Suprema Corte de Justicia de la Naci\u00f3n defendi\u00f3 la Constituci\u00f3n de 1857 y como titular del Poder Ejecutivo impuls\u00f3 las Leyes de Reforma con las cuales se establec\u00edan la libertad de culto, la creaci\u00f3n del registro civil y la secularizaci\u00f3n de la beneficencia p\u00fablica\u201d, subray\u00f3.<\/p>\n<p>Tras dar una breve presentaci\u00f3n sobre el ilustre mexicano, Best Velasco concluy\u00f3 diciendo que Ju\u00e1rez Garc\u00eda falleci\u00f3 un 18 de julio de 1872 por problemas de salud.<\/p>\n<p>El presidium tuvo la presencia del almirante aeronaval piloto aviador DEM, Rub\u00e9n Alfonso Vargas Su\u00e1rez, comandante de la Segunda Regi\u00f3n Naval; el general brigadier DEM, V\u00edctor Hugo Ch\u00e1vez Mart\u00ednez, comandante de la Guarnici\u00f3n Militar El Cipr\u00e9s y el general de ala piloto aviador DEM, Cuauht\u00e9moc Delgado Monteagudo, comandante de la Base A\u00e9rea Militar No. 3.<\/p>\n<p>Tambi\u00e9n, la regidora Norma Silva Aguirre, presidenta de la Comisi\u00f3n de Educaci\u00f3n, Cultura, Ciencia y Tecnolog\u00eda; Catalina L\u00f3pez P\u00e9rez, jefa del Departamento de Educaci\u00f3n; Carlos Ibarra Aguiar, asesor de Presidencia y Mar\u00eda Elena Monreal Mendoza, subdirectora de Prevenci\u00f3n del Delito.<\/p>\n","protected":false},"excerpt":{"rendered":"","protected":false},"author":1,"featured_media":2953218,"comment_status":"closed","ping_status":"closed","sticky":false,"template":"","format":"standard","meta":{"footnotes":""},"categories":[1],"tags":[],"class_list":["post-2953217","post","type-post","status-publish","format-standard","has-post-thumbnail","hentry","category-uncategorized"],"_links":{"self":[{"href":"https:\/\/agpnoticias.com\/news\/index.php?rest_route=\/wp\/v2\/posts\/2953217","targetHints":{"allow":["GET"]}}],"collection":[{"href":"https:\/\/agpnoticias.com\/news\/index.php?rest_route=\/wp\/v2\/posts"}],"about":[{"href":"https:\/\/agpnoticias.com\/news\/index.php?rest_route=\/wp\/v2\/types\/post"}],"author":[{"embeddable":true,"href":"https:\/\/agpnoticias.com\/news\/index.php?rest_route=\/wp\/v2\/users\/1"}],"replies":[{"embeddable":true,"href":"https:\/\/agpnoticias.com\/news\/index.php?rest_route=%2Fwp%2Fv2%2Fcomments&post=2953217"}],"version-history":[{"count":1,"href":"https:\/\/agpnoticias.com\/news\/index.php?rest_route=\/wp\/v2\/posts\/2953217\/revisions"}],"predecessor-version":[{"id":2953219,"href":"https:\/\/agpnoticias.com\/news\/index.php?rest_route=\/wp\/v2\/posts\/2953217\/revisions\/2953219"}],"wp:featuredmedia":[{"embeddable":true,"href":"https:\/\/agpnoticias.com\/news\/index.php?rest_route=\/wp\/v2\/media\/2953218"}],"wp:attachment":[{"href":"https:\/\/agpnoticias.com\/news\/index.php?rest_route=%2Fwp%2Fv2%2Fmedia&parent=2953217"}],"wp:term":[{"taxonomy":"category","embeddable":true,"href":"https:\/\/agpnoticias.com\/news\/index.php?rest_route=%2Fwp%2Fv2%2Fcategories&post=2953217"},{"taxonomy":"post_tag","embeddable":true,"href":"https:\/\/agpnoticias.com\/news\/index.php?rest_route=%2Fwp%2Fv2%2Ftags&post=2953217"}],"curies":[{"name":"wp","href":"https:\/\/api.w.org\/{rel}","templated":true}]}}