{"id":2954555,"date":"2023-04-18T09:21:13","date_gmt":"2023-04-18T16:21:13","guid":{"rendered":"https:\/\/agpnoticias.com\/news\/?p=2954555"},"modified":"2023-04-18T09:21:16","modified_gmt":"2023-04-18T16:21:16","slug":"habra-carrera-atletica-este-domingo-23-de-abril","status":"publish","type":"post","link":"https:\/\/agpnoticias.com\/news\/?p=2954555","title":{"rendered":"Habr\u00e1 carrera atl\u00e9tica este domingo 23 de abril"},"content":{"rendered":"\n<p>Ensenada, Baja California.- Grupo Eskala present\u00f3 su primera carrera atl\u00e9tica de 5 kil\u00f3metros que se realizar\u00e1 en la ciudad de Ensenada.<\/p>\n<p>Alejandro Raudales, responsable de planeaci\u00f3n del evento explic\u00f3 que la salida ser\u00e1 la domingo 23 de abril a las 8 de la ma\u00f1ana desde las instalaciones de Eskala, en la calle sexta y Blancarte en la Zona Centro de Ensenada.<\/p>\n<p><a href=\"https:\/\/agpnoticias.com\/news\/habra-carrera-atletica-este-domingo-23-de-abril\/ccfa519d-4300-4d41-b4b4-5db3c4d24718\/\" rel=\"attachment wp-att-2954587\"><img fetchpriority=\"high\" decoding=\"async\" class=\"aligncenter size-full wp-image-2954587\" src=\"https:\/\/agpnoticias.com\/news\/wp-content\/uploads\/2023\/04\/CCFA519D-4300-4D41-B4B4-5DB3C4D24718.jpeg\" alt=\"\" width=\"1200\" height=\"900\" srcset=\"https:\/\/agpnoticias.com\/news\/wp-content\/uploads\/2023\/04\/CCFA519D-4300-4D41-B4B4-5DB3C4D24718.jpeg 1200w, https:\/\/agpnoticias.com\/news\/wp-content\/uploads\/2023\/04\/CCFA519D-4300-4D41-B4B4-5DB3C4D24718-1024x768.jpeg 1024w\" sizes=\"(max-width: 1200px) 100vw, 1200px\" \/><\/a><\/p>\n<p>Dio a conocer que habr\u00e1 premios a los tres primeros lugares absolutos en la rama varonil y femenil, 3 mil al primero, 2 mil al segundo y mil pesos al tercero, as\u00ed tambi\u00e9n se dar\u00e1 premiaci\u00f3n en efectivo por categor\u00edas.<\/p>\n<p>El evento tendr\u00e1 cupo limitado a 800 personas, las inscripciones ya est\u00e1n disponibles en las instalaciones de Grupo Eskala o puedes apartar tu n\u00famero a trav\u00e9s de la p\u00e1gina de Facebook Eskala5k.<\/p>\n<p>Por \u00faltimo, Alejandro Raudales dijo que aunque el evento es gratuito, se est\u00e1 pidiendo un donativo de comida en especie (kilo o lata) que ser\u00e1 donado a Albergue Migrante San Vicente.\u00a0<\/p>\n<p>\u00a0<\/p>\n","protected":false},"excerpt":{"rendered":"","protected":false},"author":1,"featured_media":2954586,"comment_status":"closed","ping_status":"closed","sticky":false,"template":"","format":"standard","meta":{"footnotes":""},"categories":[31,1151],"tags":[],"class_list":["post-2954555","post","type-post","status-publish","format-standard","has-post-thumbnail","hentry","category-atletismo","category-portada"],"_links":{"self":[{"href":"https:\/\/agpnoticias.com\/news\/index.php?rest_route=\/wp\/v2\/posts\/2954555","targetHints":{"allow":["GET"]}}],"collection":[{"href":"https:\/\/agpnoticias.com\/news\/index.php?rest_route=\/wp\/v2\/posts"}],"about":[{"href":"https:\/\/agpnoticias.com\/news\/index.php?rest_route=\/wp\/v2\/types\/post"}],"author":[{"embeddable":true,"href":"https:\/\/agpnoticias.com\/news\/index.php?rest_route=\/wp\/v2\/users\/1"}],"replies":[{"embeddable":true,"href":"https:\/\/agpnoticias.com\/news\/index.php?rest_route=%2Fwp%2Fv2%2Fcomments&post=2954555"}],"version-history":[{"count":3,"href":"https:\/\/agpnoticias.com\/news\/index.php?rest_route=\/wp\/v2\/posts\/2954555\/revisions"}],"predecessor-version":[{"id":2954589,"href":"https:\/\/agpnoticias.com\/news\/index.php?rest_route=\/wp\/v2\/posts\/2954555\/revisions\/2954589"}],"wp:featuredmedia":[{"embeddable":true,"href":"https:\/\/agpnoticias.com\/news\/index.php?rest_route=\/wp\/v2\/media\/2954586"}],"wp:attachment":[{"href":"https:\/\/agpnoticias.com\/news\/index.php?rest_route=%2Fwp%2Fv2%2Fmedia&parent=2954555"}],"wp:term":[{"taxonomy":"category","embeddable":true,"href":"https:\/\/agpnoticias.com\/news\/index.php?rest_route=%2Fwp%2Fv2%2Fcategories&post=2954555"},{"taxonomy":"post_tag","embeddable":true,"href":"https:\/\/agpnoticias.com\/news\/index.php?rest_route=%2Fwp%2Fv2%2Ftags&post=2954555"}],"curies":[{"name":"wp","href":"https:\/\/api.w.org\/{rel}","templated":true}]}}