{"id":2955985,"date":"2023-05-12T20:37:41","date_gmt":"2023-05-13T03:37:41","guid":{"rendered":"https:\/\/agpnoticias.com\/news\/?p=2955985"},"modified":"2023-05-12T20:37:43","modified_gmt":"2023-05-13T03:37:43","slug":"suma-baja-california-en-macro-regional-de-atletismo","status":"publish","type":"post","link":"https:\/\/agpnoticias.com\/news\/?p=2955985","title":{"rendered":"Suma Baja California en Macro Regional de atletismo"},"content":{"rendered":"\n<p><span style=\"font-size: revert;\">Culiac\u00e1n, Sinaloa.- Baja California abri\u00f3 la segunda etapa del Macro Regional de Atletismo 2023, con una cosecha de seis medallas de oro, cuatro de plata y cuatro de bronce en la pista del Centro de Alto Rendimiento (CAR), de Sinaloa.<\/span><\/p>\n<p><a href=\"https:\/\/agpnoticias.com\/news\/wp-content\/uploads\/2023\/05\/45004070-907a-4748-84d3-424fd5139d0a.jpeg\"><img fetchpriority=\"high\" decoding=\"async\" class=\"aligncenter size-full wp-image-2955990\" src=\"https:\/\/agpnoticias.com\/news\/wp-content\/uploads\/2023\/05\/45004070-907a-4748-84d3-424fd5139d0a.jpeg\" alt=\"\" width=\"1000\" height=\"631\" srcset=\"https:\/\/agpnoticias.com\/news\/wp-content\/uploads\/2023\/05\/45004070-907a-4748-84d3-424fd5139d0a.jpeg 1000w, https:\/\/agpnoticias.com\/news\/wp-content\/uploads\/2023\/05\/45004070-907a-4748-84d3-424fd5139d0a-540x340.jpeg 540w\" sizes=\"(max-width: 1000px) 100vw, 1000px\" \/><\/a><\/p>\n<p>En la primera jornada de competencias para las categor\u00edas Sub 18 y Sub 20, Baja California lleg\u00f3 a 17 medallas de oro para mantenerse entre la elite del Macro Regional, la antesala de los Nacionales Conade 2023.<\/p>\n<p><a href=\"https:\/\/agpnoticias.com\/news\/wp-content\/uploads\/2023\/05\/816cffb8-3be3-4200-8b18-5a90f76509da.jpeg\"><img decoding=\"async\" class=\"aligncenter size-full wp-image-2955991\" src=\"https:\/\/agpnoticias.com\/news\/wp-content\/uploads\/2023\/05\/816cffb8-3be3-4200-8b18-5a90f76509da.jpeg\" alt=\"\" width=\"1000\" height=\"582\" \/><\/a><br \/>Como campeones del Macro Regional se sumaron a la lista bajacaliforniana el jabalinero tricampe\u00f3n nacional, Jos\u00e9 Junior R\u00edos, quien domin\u00f3 la Sub 20 con un lanzamiento de 58.49 metros, lejos del sinaloense Josu\u00e9 Castro que marc\u00f3 50.75.<\/p>\n<p>En impulso de baja Sub 18 Femenil, Baja California hizo el 1-3 con Karla Nava con 12.67 metros y Natalia Andrade con 11.71; en lanzamiento de martillo, Ian Carmona fue el rey con 54.24 en la Sub 18.<\/p>\n<p>El jabalinero Maron Ibarra tambi\u00e9n se uni\u00f3 a la lista de campeones de Baja California, al ganar en jabalina Sub 18 con un registro de 58.77 metros, imponi\u00e9ndose en un buen duelo al sinaloense \u00c1ngel Carrillo que finaliz\u00f3 con 58.54.<\/p>\n<p>En la pista, Kevin Jasso se convirti\u00f3 en el primer bajacaliforniano en obtener el oro en el presente Macro Regional, con un tiempo de 10.98 segundos en los 100 metros planos Sub 18, siendo Carlos Taboada, de Nuevo Le\u00f3n, el segundo lugar con 11.30.<\/p>\n<p>En salto con garrocha, Iv\u00e1n Gonz\u00e1lez triunf\u00f3 con un registro de 3.20 metros en la categor\u00eda Sub 20; en esta misma prueba, pero en la Sub 18, Jos\u00e9 Cerezo fue segundo lugar con 3.60 y Luis Ram\u00edrez fue tercero con 3.20.<\/p>\n<p>En lanzamiento de martillo Sub 20, Jorge N\u00fa\u00f1ez se agenci\u00f3 la plata con 55.02 metros; Itzia Mej\u00eda en los 100 metros planos Sub 20, tambi\u00e9n termin\u00f3 como subcampeona con 11.97 segundos.<\/p>\n<p>Y en tercer lugar finalizaron Sof\u00eda \u201cChofis\u201d S\u00e1nchez en lanzamiento de disco Sub 20, con 34.50 metros; Ariana \u00c1vila en los 1,500 metros planos Sub 18, con 4:57.46 minutos.<\/p>\n","protected":false},"excerpt":{"rendered":"","protected":false},"author":1,"featured_media":2955989,"comment_status":"closed","ping_status":"closed","sticky":false,"template":"","format":"standard","meta":{"footnotes":""},"categories":[73,1151],"tags":[],"class_list":["post-2955985","post","type-post","status-publish","format-standard","has-post-thumbnail","hentry","category-deportebajacalifornia","category-portada"],"_links":{"self":[{"href":"https:\/\/agpnoticias.com\/news\/index.php?rest_route=\/wp\/v2\/posts\/2955985","targetHints":{"allow":["GET"]}}],"collection":[{"href":"https:\/\/agpnoticias.com\/news\/index.php?rest_route=\/wp\/v2\/posts"}],"about":[{"href":"https:\/\/agpnoticias.com\/news\/index.php?rest_route=\/wp\/v2\/types\/post"}],"author":[{"embeddable":true,"href":"https:\/\/agpnoticias.com\/news\/index.php?rest_route=\/wp\/v2\/users\/1"}],"replies":[{"embeddable":true,"href":"https:\/\/agpnoticias.com\/news\/index.php?rest_route=%2Fwp%2Fv2%2Fcomments&post=2955985"}],"version-history":[{"count":1,"href":"https:\/\/agpnoticias.com\/news\/index.php?rest_route=\/wp\/v2\/posts\/2955985\/revisions"}],"predecessor-version":[{"id":2955992,"href":"https:\/\/agpnoticias.com\/news\/index.php?rest_route=\/wp\/v2\/posts\/2955985\/revisions\/2955992"}],"wp:featuredmedia":[{"embeddable":true,"href":"https:\/\/agpnoticias.com\/news\/index.php?rest_route=\/wp\/v2\/media\/2955989"}],"wp:attachment":[{"href":"https:\/\/agpnoticias.com\/news\/index.php?rest_route=%2Fwp%2Fv2%2Fmedia&parent=2955985"}],"wp:term":[{"taxonomy":"category","embeddable":true,"href":"https:\/\/agpnoticias.com\/news\/index.php?rest_route=%2Fwp%2Fv2%2Fcategories&post=2955985"},{"taxonomy":"post_tag","embeddable":true,"href":"https:\/\/agpnoticias.com\/news\/index.php?rest_route=%2Fwp%2Fv2%2Ftags&post=2955985"}],"curies":[{"name":"wp","href":"https:\/\/api.w.org\/{rel}","templated":true}]}}