{"id":2955993,"date":"2023-05-12T20:43:54","date_gmt":"2023-05-13T03:43:54","guid":{"rendered":"https:\/\/agpnoticias.com\/news\/?p=2955993"},"modified":"2023-05-12T20:43:56","modified_gmt":"2023-05-13T03:43:56","slug":"prohibiran-el-ingreso-a-eu-por-5-anos-a-quien-sea-deportado-ken-salazar","status":"publish","type":"post","link":"https:\/\/agpnoticias.com\/news\/?p=2955993","title":{"rendered":"Prohibir\u00e1n el ingreso a EU por 5 a\u00f1os a quien sea deportado: Ken Salazar"},"content":{"rendered":"\n<h1 class=\"titulo-principal\">\u00a0<\/h1>\n\n\n\n<div>\n<p>El embajador de Estados Unidos en M\u00e9xico, <strong>Ken Salazar<\/strong>, llam\u00f3 a los <strong>migrantes<\/strong> a usar v\u00edas legales para ingresar al pa\u00eds vecino del norte, debido que, en el caso de no hacerlo, ser\u00e1n deportados y recibir\u00e1 sanciones del Departamento de Seguridad estadounidense.<\/p>\n<\/div>\n<div>\n<p>A trav\u00e9s de un video difundido en redes sociales, el diplom\u00e1tico apunt\u00f3 que esa sanci\u00f3n <strong>corresponde a la prohibici\u00f3n del ingreso a Estados Unidos durante los pr\u00f3ximos 5 a\u00f1os,<\/strong> y no ser\u00e1n candidatos elegibles para otras v\u00edas legales que est\u00e1n en desarrollo.<\/p>\n<p>Asimismo aclar\u00f3 que el fin al Titulo 42 no significa que los migrantes puedan ingresar al territorio estadounidense de manera ilegal, debido a que los traficantes de personas, <strong>com\u00fanmente conocidos como \u201ccoyotes\u201d o \u201cpolleros\u201d<\/strong>, aprovechan la situaci\u00f3n para enga\u00f1ar a quien busca una mejor vida en Estados Unidos.<\/p>\n<div>\n<p>Tambi\u00e9n se\u00f1al\u00f3 que en coordinaci\u00f3n con el gobierno de M\u00e9xico trabaja en <strong>la protecci\u00f3n de los derechos humanos<\/strong> de los migrantes para evitarles \u201ceste camino doloroso que lo operan los criminales\u201d.<\/p>\n<\/div>\n<div>\n<p>Ken Salazar anunci\u00f3 que trabajan con \u201clos socios de la regi\u00f3n\u201d para <strong>ampliar las v\u00edas legales<\/strong>: establecer centros regionales en el hemisferio para promover el uso de otras aplicaciones como la <em>CBPOne<\/em>.<\/p>\n<\/div>\n<div>\n<p>En el video subido a Twitter tambi\u00e9n se comparti\u00f3 un link que dirige hacia un portal informativo sobre la situaci\u00f3n actual en la frontera, luego de la extinci\u00f3n del T\u00edtulo 42.<\/p>\n<\/div>\n<div>\n<p><a href=\"https:\/\/editorial.aristeguinoticias.com\/wp-content\/uploads\/2023\/05\/migrantes-eu-mexico-12052023.jpg\"><img fetchpriority=\"high\" decoding=\"async\" class=\"size-large wp-image-1289688 aligncenter\" src=\"https:\/\/editorial.aristeguinoticias.com\/wp-content\/uploads\/2023\/05\/migrantes-eu-mexico-12052023-700x438.jpg\" sizes=\"(max-width: 700px) 100vw, 700px\" srcset=\"https:\/\/editorial.aristeguinoticias.com\/wp-content\/uploads\/2023\/05\/migrantes-eu-mexico-12052023-700x438.jpg 700w, https:\/\/editorial.aristeguinoticias.com\/wp-content\/uploads\/2023\/05\/migrantes-eu-mexico-12052023-250x156.jpg 250w, https:\/\/editorial.aristeguinoticias.com\/wp-content\/uploads\/2023\/05\/migrantes-eu-mexico-12052023-768x480.jpg 768w, https:\/\/editorial.aristeguinoticias.com\/wp-content\/uploads\/2023\/05\/migrantes-eu-mexico-12052023-628x393.jpg 628w, https:\/\/editorial.aristeguinoticias.com\/wp-content\/uploads\/2023\/05\/migrantes-eu-mexico-12052023-298x186.jpg 298w, https:\/\/editorial.aristeguinoticias.com\/wp-content\/uploads\/2023\/05\/migrantes-eu-mexico-12052023-295x184.jpg 295w, https:\/\/editorial.aristeguinoticias.com\/wp-content\/uploads\/2023\/05\/migrantes-eu-mexico-12052023-205x128.jpg 205w, https:\/\/editorial.aristeguinoticias.com\/wp-content\/uploads\/2023\/05\/migrantes-eu-mexico-12052023-720x450.jpg 720w, https:\/\/editorial.aristeguinoticias.com\/wp-content\/uploads\/2023\/05\/migrantes-eu-mexico-12052023-333x208.jpg 333w, https:\/\/editorial.aristeguinoticias.com\/wp-content\/uploads\/2023\/05\/migrantes-eu-mexico-12052023-120x75.jpg 120w, https:\/\/editorial.aristeguinoticias.com\/wp-content\/uploads\/2023\/05\/migrantes-eu-mexico-12052023.jpg 1200w\" alt=\"\" width=\"700\" height=\"438\" \/><\/a><\/p>\n<\/div>\n<div>\n<p>La pol\u00edtica del T\u00edtulo 42 termin\u00f3 el 11 de mayo, pero las autoridades estadounidenses <strong>procesar\u00e1n y expulsar\u00e1n de forma expedita a migrantes o solicitantes de asilo<\/strong> que lleguen a la frontera de Estados Unidos de manera ilegal.<\/p>\n<\/div>\n<div>\n<div id=\"div-gpt-ad-ddnotamexicoZA_box_d\" data-google-query-id=\"CIeR8Z-w8f4CFbwKRAgdKOYDPQ\">\n<div id=\"google_ads_iframe_\/21624040141\/ddnotamexicoZA_box_d_0__container__\">\u00a0<\/div>\n<\/div>\n<\/div>\n<div>\n<p><strong>Te podr\u00eda interesar<\/strong> &gt; <a href=\"https:\/\/aristeguinoticias.com\/1205\/mexico\/inm-no-dara-mas-permisos-a-migrantes-tras-fin-del-titulo-42\/\" target=\"_blank\" rel=\"noopener\">INM no dar\u00e1 m\u00e1s permisos a migrantes tras fin del T\u00edtulo 42<\/a><\/p>\n<\/div>\n<div>\n<p>La \u00fanica manera de entrar a Estados Unidos es a trav\u00e9s de una v\u00eda legal. Utiliza <em>CBPOne<\/em>para programar una cita en un puerto de entrada terrestre.<\/p>\n<\/div>\n<div>\n<p>El gobierno deestadounidense est\u00e1 incrementando el n\u00famero de citas e implementando mejoras en la aplicaci\u00f3n.<\/p>\n<\/div>\n<p>\u00a0<\/p>\n<p>\u00a0<\/p>\n<\/div>\n","protected":false},"excerpt":{"rendered":"","protected":false},"author":1,"featured_media":2955994,"comment_status":"closed","ping_status":"closed","sticky":false,"template":"","format":"standard","meta":{"footnotes":""},"categories":[1],"tags":[],"class_list":["post-2955993","post","type-post","status-publish","format-standard","has-post-thumbnail","hentry","category-uncategorized"],"_links":{"self":[{"href":"https:\/\/agpnoticias.com\/news\/index.php?rest_route=\/wp\/v2\/posts\/2955993","targetHints":{"allow":["GET"]}}],"collection":[{"href":"https:\/\/agpnoticias.com\/news\/index.php?rest_route=\/wp\/v2\/posts"}],"about":[{"href":"https:\/\/agpnoticias.com\/news\/index.php?rest_route=\/wp\/v2\/types\/post"}],"author":[{"embeddable":true,"href":"https:\/\/agpnoticias.com\/news\/index.php?rest_route=\/wp\/v2\/users\/1"}],"replies":[{"embeddable":true,"href":"https:\/\/agpnoticias.com\/news\/index.php?rest_route=%2Fwp%2Fv2%2Fcomments&post=2955993"}],"version-history":[{"count":1,"href":"https:\/\/agpnoticias.com\/news\/index.php?rest_route=\/wp\/v2\/posts\/2955993\/revisions"}],"predecessor-version":[{"id":2955995,"href":"https:\/\/agpnoticias.com\/news\/index.php?rest_route=\/wp\/v2\/posts\/2955993\/revisions\/2955995"}],"wp:featuredmedia":[{"embeddable":true,"href":"https:\/\/agpnoticias.com\/news\/index.php?rest_route=\/wp\/v2\/media\/2955994"}],"wp:attachment":[{"href":"https:\/\/agpnoticias.com\/news\/index.php?rest_route=%2Fwp%2Fv2%2Fmedia&parent=2955993"}],"wp:term":[{"taxonomy":"category","embeddable":true,"href":"https:\/\/agpnoticias.com\/news\/index.php?rest_route=%2Fwp%2Fv2%2Fcategories&post=2955993"},{"taxonomy":"post_tag","embeddable":true,"href":"https:\/\/agpnoticias.com\/news\/index.php?rest_route=%2Fwp%2Fv2%2Ftags&post=2955993"}],"curies":[{"name":"wp","href":"https:\/\/api.w.org\/{rel}","templated":true}]}}