{"id":2956189,"date":"2023-05-15T11:51:26","date_gmt":"2023-05-15T18:51:26","guid":{"rendered":"https:\/\/agpnoticias.com\/news\/?p=2956189"},"modified":"2023-05-15T11:53:22","modified_gmt":"2023-05-15T18:53:22","slug":"hoy-inicia-la-temporada-de-huracanes-podrian-ser-mas-intensos","status":"publish","type":"post","link":"https:\/\/agpnoticias.com\/news\/?p=2956189","title":{"rendered":"Hoy inicia la temporada de huracanes; podr\u00edan ser m\u00e1s intensos"},"content":{"rendered":"\n\n\n<p>Hoy 15 de mayo arranca la temporada de ciclones tropicales en M\u00e9xico 2023 en la cuenca del Oc\u00e9ano Pac\u00edfico, que para esta temporada\u00a0se ubica dentro del rango hist\u00f3rico promedio, pero seg\u00fan expertos del Instituto de Ciencias de la Atm\u00f3sfera y Cambio Clim\u00e1tico (ICAyCC) de la Universidad Nacional Aut\u00f3noma de M\u00e9xico (UNAM),\u00a0la intensidad de los huracanes podr\u00eda aumentar debido al cambio clim\u00e1tico.\u00a0<\/p>\n<h2>\u00bfC\u00f3mo viene la temporada de huracanes 2023 para M\u00e9xico?<\/h2>\n<p>Seg\u00fan la Comisi\u00f3n Nacional del Agua (Conagua)\u00a0<strong>el pron\u00f3stico para la temporada de ciclones tropicales para 2023<\/strong>\u00a0es la siguiente:<\/p>\n<table style=\"width: 100%; height: 210px;\" border=\"1\" cellspacing=\"1\" cellpadding=\"1\">\n<tbody>\n<tr style=\"height: 118px;\">\n<td style=\"height: 118px; width: 24.7619%;\">\n<p style=\"text-align: center;\"><strong>Pac\u00edfico<\/strong><\/p>\n<p style=\"text-align: center;\"><strong>(Promedio 16)<\/strong><\/p>\n<\/td>\n<td style=\"height: 118px; width: 49.6429%;\">\u00a0<\/td>\n<td style=\"height: 118px; width: 24.881%;\">\n<p style=\"text-align: center;\"><strong>Atl\u00e1ntico<\/strong><\/p>\n<p style=\"text-align: center;\"><strong>(Promedio 14)<\/strong><\/p>\n<\/td>\n<\/tr>\n<tr style=\"height: 23px;\">\n<td style=\"text-align: center; height: 23px; width: 24.7619%;\"><strong>9 &#8211; 11\u00a0<\/strong><\/td>\n<td style=\"text-align: center; height: 23px; width: 49.6429%;\"><strong>Tormentas tropicales<\/strong><\/td>\n<td style=\"text-align: center; height: 23px; width: 24.881%;\"><strong>7 &#8211; 9<\/strong><\/td>\n<\/tr>\n<tr style=\"height: 23px;\">\n<td style=\"text-align: center; height: 23px; width: 24.7619%;\"><strong>4 &#8211; 6<\/strong><\/td>\n<td style=\"text-align: center; height: 23px; width: 49.6429%;\"><strong>Huracanes categor\u00eda 1 \u00f3 2<\/strong><\/td>\n<td style=\"text-align: center; height: 23px; width: 24.881%;\"><strong>1 &#8211; 3<\/strong><\/td>\n<\/tr>\n<tr style=\"height: 23px;\">\n<td style=\"text-align: center; height: 23px; width: 24.7619%;\"><strong>3 &#8211; 5<\/strong><\/td>\n<td style=\"text-align: center; height: 23px; width: 49.6429%;\"><strong>Huracanes categor\u00eda 3, 4 \u00f3 5<\/strong><\/td>\n<td style=\"text-align: center; height: 23px; width: 24.881%;\"><strong>2 &#8211; 4<\/strong><\/td>\n<\/tr>\n<tr style=\"height: 23px;\">\n<td style=\"text-align: center; height: 23px; width: 24.7619%;\"><strong>16 -22<\/strong><\/td>\n<td style=\"text-align: center; height: 23px; width: 49.6429%;\"><strong>TOTAL<\/strong><\/td>\n<td style=\"text-align: center; height: 23px; width: 24.881%;\"><strong>10 &#8211; 16<\/strong><\/td>\n<\/tr>\n<\/tbody>\n<\/table>\n\n\n\n<p>Se espera que se desarrollen entre 16 y 22 ciclones tropicales en el Pac\u00edfico, y entre 10 y 16 en el Atl\u00e1ntico durante la temporada de huracanes 2023. Pero es importante recordar que\u00a0a pesar de la cantidad de ciclones esperada, la peligrosidad no se determina por el n\u00famero de estos, sino por su intensidad y la probabilidad de que toquen tierra.<\/p>\n<p>Jorge Zavala Hidalgo, director del ICCyAC y Christian Dom\u00ednguez Sarmiento, anticipan una temporada de ciclones en consonancia con las tendencias hist\u00f3ricas. No obstante, advierten que, a causa del cambio clim\u00e1tico, estos fen\u00f3menos son propensos a ser m\u00e1s intensos.<\/p>\n<p>El fen\u00f3meno de \u00abEl Ni\u00f1o\u00bb y las temperaturas de la superficie del mar son factores que influyen en el pron\u00f3stico de la temporada de huracanes.<\/p>\n<p>\u00a0<\/p>\n","protected":false},"excerpt":{"rendered":"","protected":false},"author":1,"featured_media":2956190,"comment_status":"closed","ping_status":"closed","sticky":false,"template":"","format":"standard","meta":{"footnotes":""},"categories":[1],"tags":[],"class_list":["post-2956189","post","type-post","status-publish","format-standard","has-post-thumbnail","hentry","category-uncategorized"],"_links":{"self":[{"href":"https:\/\/agpnoticias.com\/news\/index.php?rest_route=\/wp\/v2\/posts\/2956189","targetHints":{"allow":["GET"]}}],"collection":[{"href":"https:\/\/agpnoticias.com\/news\/index.php?rest_route=\/wp\/v2\/posts"}],"about":[{"href":"https:\/\/agpnoticias.com\/news\/index.php?rest_route=\/wp\/v2\/types\/post"}],"author":[{"embeddable":true,"href":"https:\/\/agpnoticias.com\/news\/index.php?rest_route=\/wp\/v2\/users\/1"}],"replies":[{"embeddable":true,"href":"https:\/\/agpnoticias.com\/news\/index.php?rest_route=%2Fwp%2Fv2%2Fcomments&post=2956189"}],"version-history":[{"count":2,"href":"https:\/\/agpnoticias.com\/news\/index.php?rest_route=\/wp\/v2\/posts\/2956189\/revisions"}],"predecessor-version":[{"id":2956192,"href":"https:\/\/agpnoticias.com\/news\/index.php?rest_route=\/wp\/v2\/posts\/2956189\/revisions\/2956192"}],"wp:featuredmedia":[{"embeddable":true,"href":"https:\/\/agpnoticias.com\/news\/index.php?rest_route=\/wp\/v2\/media\/2956190"}],"wp:attachment":[{"href":"https:\/\/agpnoticias.com\/news\/index.php?rest_route=%2Fwp%2Fv2%2Fmedia&parent=2956189"}],"wp:term":[{"taxonomy":"category","embeddable":true,"href":"https:\/\/agpnoticias.com\/news\/index.php?rest_route=%2Fwp%2Fv2%2Fcategories&post=2956189"},{"taxonomy":"post_tag","embeddable":true,"href":"https:\/\/agpnoticias.com\/news\/index.php?rest_route=%2Fwp%2Fv2%2Ftags&post=2956189"}],"curies":[{"name":"wp","href":"https:\/\/api.w.org\/{rel}","templated":true}]}}