{"id":2956262,"date":"2023-05-16T16:11:00","date_gmt":"2023-05-16T23:11:00","guid":{"rendered":"https:\/\/agpnoticias.com\/news\/?p=2956262"},"modified":"2023-05-16T19:25:28","modified_gmt":"2023-05-17T02:25:28","slug":"adios-principito-andres-guardado-se-despide-de-la-seleccion-mexicana","status":"publish","type":"post","link":"https:\/\/agpnoticias.com\/news\/?p=2956262","title":{"rendered":"Adi\u00f3s \u201cPrincipito\u201d: Andr\u00e9s Guardado se despide de la selecci\u00f3n mexicana"},"content":{"rendered":"\n\n\n<p>Ciudad de M\u00e9xico.- Durante 16 a\u00f1os, Jos\u00e9 Andr\u00e9s Guardado Hern\u00e1ndez fue uno de los m\u00e1ximos referentes del mediocampo de la Selecci\u00f3n Nacional de M\u00e9xico. El \u201cPrincipito\u201d se despidi\u00f3 del seleccionado mexicano, tras su participaci\u00f3n en Qatar 2022 y hoy, oficialmente, comparti\u00f3 un mensaje de despedida en el que dijo, se convertir\u00eda en uno m\u00e1s de los aficionados a la SNM.<\/p>\n<p>Desde su nacimiento, ha estado ligado al futbol pues el originario de Guadalajara naci\u00f3 en 1986, a\u00f1o en el que M\u00e9xico fue sede de su segunda Copa del Mundo, torneo en el que a futuro brillar\u00eda y gracias al que se convertir\u00eda en uno de los hist\u00f3ricos jugadores que acumularon cinco ediciones de la misma.<\/p>\n<p>Su esfuerzo, dedicaci\u00f3n y constancia lo llevaron a debutar muy joven en el balompi\u00e9 nacional con los Zorros del Atlas y no pas\u00f3 mucho tiempo para que fuera convocado con la Selecci\u00f3n Nacional, siendo Ricardo Antonio La Volpe el estratega que lo pondr\u00eda dentro del once mexicano por primera vez un 14 de diciembre del 2005 ante Hungr\u00eda, justo cuando contaba con apenas 19 a\u00f1os.<\/p>\n<p>As\u00ed comenz\u00f3 su andar con la Selecci\u00f3n Nacional de M\u00e9xico, con la que disput\u00f3 cinco mundiales (Alemania 2006, Sud\u00e1frica 2010, Brasil 2014, Rusia 2018 y Qatar 2022), cuatro Copa Oro (2007, 2011, 2015 y 2019), dos Copa Confederaciones (2013 y 2017) y dos Copa Am\u00e9rica (2007 y 2016).<\/p>\n<p>En las Copas del Mundo jug\u00f3 13 partidos y convirti\u00f3 una anotaci\u00f3n, ante Croacia en el 2014, culminando despu\u00e9s de 16 a\u00f1os como el futbolista que m\u00e1s veces visti\u00f3 la playera nacional, al contabilizar 179 encuentros.<\/p>\n<p>Dentro de su palmar\u00e9s con la escuadra mexicana se encuentran tres Copa Oro (2011, 2015 y 2019), un tercer lugar en la Copa Am\u00e9rica (2007) y una Copa Concacaf, en el 2015, certamen que daba el acceso a participar en la Copa Confederaciones de Rusia en el 2017.<\/p>\n<p>Andr\u00e9s Guardado deja de vestir la playera del seleccionado mexicano como el \u00fanico jugador de Concacaf en conseguir m\u00e1s de cien victorias con su Selecci\u00f3n, as\u00ed como tambi\u00e9n se convirti\u00f3 en el mexicano con m\u00e1s partidos en Europa, dejando muestra de su gran calidad y constancia como futbolista, jugando para equipos de Pa\u00edses Bajos, Alemania y Espa\u00f1a.<\/p>\n<p>Es as\u00ed como, el llamado \u201cPrincipito\u201d culmina con su paso dentro de la Selecci\u00f3n Nacional de M\u00e9xico, dejando una huella imborrable en los aficionados mexicanos que fueron testigos de su gran talento en el terreno de juego.<\/p>\n<p><strong>Jos\u00e9 Andr\u00e9s Guardado Hern\u00e1ndez<\/strong><\/p>\n<p>Posici\u00f3n: Medio<\/p>\n<p>Club: Real Betis<\/p>\n<p>Fecha de Nacimiento: 28\/09\/1986<\/p>\n<p>Peso: 65.8 kg.<\/p>\n<p>Estatura: 1.70<\/p>\n<p>Debut Selecci\u00f3n Nacional: 14 de diciembre de 2005 (M\u00e9xico 1-0 Hungr\u00eda)<\/p>\n<p>Juegos Selecci\u00f3n Nacional: 179<\/p>\n<p>Juegos Selecci\u00f3n Nacional Nivel Dos: 2 (Guadalupe y Martinica)<\/p>\n<p>Goles Selecci\u00f3n Nacional: 28<\/p>\n<p>Participaci\u00f3n en Mundiales: 5 (2006, 2010, 2014, 2018 y 2022)<\/p>\n<p>Logros Internacionales con Selecci\u00f3n Nacional: Campe\u00f3n Copa Concacaf 2015, Campe\u00f3n Copa Oro 2011, 2015 y 2019.<\/p>\n<p><em>Informaci\u00f3n: Selecci\u00f3n Nacional de M\u00e9xico.<\/em><\/p>\n","protected":false},"excerpt":{"rendered":"","protected":false},"author":1,"featured_media":2956263,"comment_status":"closed","ping_status":"closed","sticky":false,"template":"","format":"standard","meta":{"footnotes":""},"categories":[32,1151,1149],"tags":[907],"class_list":["post-2956262","post","type-post","status-publish","format-standard","has-post-thumbnail","hentry","category-soccer","category-portada","category-seleccion-mexicana-2","tag-tendencia"],"_links":{"self":[{"href":"https:\/\/agpnoticias.com\/news\/index.php?rest_route=\/wp\/v2\/posts\/2956262","targetHints":{"allow":["GET"]}}],"collection":[{"href":"https:\/\/agpnoticias.com\/news\/index.php?rest_route=\/wp\/v2\/posts"}],"about":[{"href":"https:\/\/agpnoticias.com\/news\/index.php?rest_route=\/wp\/v2\/types\/post"}],"author":[{"embeddable":true,"href":"https:\/\/agpnoticias.com\/news\/index.php?rest_route=\/wp\/v2\/users\/1"}],"replies":[{"embeddable":true,"href":"https:\/\/agpnoticias.com\/news\/index.php?rest_route=%2Fwp%2Fv2%2Fcomments&post=2956262"}],"version-history":[{"count":2,"href":"https:\/\/agpnoticias.com\/news\/index.php?rest_route=\/wp\/v2\/posts\/2956262\/revisions"}],"predecessor-version":[{"id":2956265,"href":"https:\/\/agpnoticias.com\/news\/index.php?rest_route=\/wp\/v2\/posts\/2956262\/revisions\/2956265"}],"wp:featuredmedia":[{"embeddable":true,"href":"https:\/\/agpnoticias.com\/news\/index.php?rest_route=\/wp\/v2\/media\/2956263"}],"wp:attachment":[{"href":"https:\/\/agpnoticias.com\/news\/index.php?rest_route=%2Fwp%2Fv2%2Fmedia&parent=2956262"}],"wp:term":[{"taxonomy":"category","embeddable":true,"href":"https:\/\/agpnoticias.com\/news\/index.php?rest_route=%2Fwp%2Fv2%2Fcategories&post=2956262"},{"taxonomy":"post_tag","embeddable":true,"href":"https:\/\/agpnoticias.com\/news\/index.php?rest_route=%2Fwp%2Fv2%2Ftags&post=2956262"}],"curies":[{"name":"wp","href":"https:\/\/api.w.org\/{rel}","templated":true}]}}