{"id":2956453,"date":"2023-05-18T22:43:03","date_gmt":"2023-05-19T05:43:03","guid":{"rendered":"https:\/\/agpnoticias.com\/news\/?p=2956453"},"modified":"2023-05-18T22:43:04","modified_gmt":"2023-05-19T05:43:04","slug":"abre-remo-de-bc-campamento-en-jalisco-rumbo-a-nacionales-conade-2023","status":"publish","type":"post","link":"https:\/\/agpnoticias.com\/news\/?p=2956453","title":{"rendered":"Abre remo de BC campamento en Jalisco rumbo a Nacionales CONADE 2023"},"content":{"rendered":"\n<p><span style=\"font-size: revert;\">Mexicali, Baja California.- \u00a0Con una delegaci\u00f3n de 42 personas, Baja California ha iniciado el campamento con la selecci\u00f3n de remo rumbo a los Nacionales Conade 2023, en Ciudad Guzm\u00e1n, Jalisco.<\/span><\/p>\n<p>Entre el 26 de mayo y el 1 de junio, Baja California buscar\u00e1 mantener la hegemon\u00eda en el remo de Nacionales Conade, con un grupo de 38 deportistas, tres entrenadores y una delegada, en la Laguna Zapotl\u00e1n.<\/p>\n<p>Desde el pasado 16 de mayo, bajo el mando del entrenador en jefe, Jos\u00e9 Manuel Loyola, los talentos deportivos de Baja California reman en la sede oficial del evento nacional, apoyados tambi\u00e9n en los entrenadores y hermanos Luis y Joel L\u00f3pez.<\/p>\n<p>La delegada de Baja California y presidenta de la Asociaci\u00f3n Estatal de Remo, Lorena Posada, se\u00f1al\u00f3 que los talentos cerrar\u00e1n su campamento el pr\u00f3ximo 25 de mayo.<\/p>\n<p>Baja California estar\u00e1 representado por Carlos Becerra, Juan Sandez, Rogelio Aguilar, Maura Valencia, Dafne Bustamante, Mariana Olivera, \u00c1ngel Gonz\u00e1lez, Cheyla Romo, Angle Arellano, Carla Verdugo, Dalia Gonz\u00e1lez, Marco Peralta y \u00c1ngel Valenzuela.<\/p>\n<p>Roberto Ahumada, Luis Carrillo, Sergio L\u00f3pez, Valent\u00edn Astorga, Javier M\u00e1rquez, Imelda Sigala, Emily Loaiza, Pablo Romero, Nancy Dur\u00e1n, Math\u00edas Ram\u00edrez, \u00c9dgar Garc\u00eda, Nicol\u00e1s Lares, Naomi Ram\u00edrez y Jos\u00e9 Navarro tambi\u00e9n buscar\u00e1n la gloria nacional.<\/p>\n<p>El seleccionado de Baja California tambi\u00e9n tiene en sus filas a Margarita R\u00edo, Dhanna R\u00edo, Martha Romero, Luis Garc\u00eda, Emilio Garc\u00eda, Emiliano Santiesteban, Julio Puentes, Cielo Sauceda, Braulio Morales, Landon Zavala y Kenia Carrillo.<\/p>\n","protected":false},"excerpt":{"rendered":"","protected":false},"author":1,"featured_media":2956454,"comment_status":"closed","ping_status":"closed","sticky":false,"template":"","format":"standard","meta":{"footnotes":""},"categories":[73,1151],"tags":[],"class_list":["post-2956453","post","type-post","status-publish","format-standard","has-post-thumbnail","hentry","category-deportebajacalifornia","category-portada"],"_links":{"self":[{"href":"https:\/\/agpnoticias.com\/news\/index.php?rest_route=\/wp\/v2\/posts\/2956453","targetHints":{"allow":["GET"]}}],"collection":[{"href":"https:\/\/agpnoticias.com\/news\/index.php?rest_route=\/wp\/v2\/posts"}],"about":[{"href":"https:\/\/agpnoticias.com\/news\/index.php?rest_route=\/wp\/v2\/types\/post"}],"author":[{"embeddable":true,"href":"https:\/\/agpnoticias.com\/news\/index.php?rest_route=\/wp\/v2\/users\/1"}],"replies":[{"embeddable":true,"href":"https:\/\/agpnoticias.com\/news\/index.php?rest_route=%2Fwp%2Fv2%2Fcomments&post=2956453"}],"version-history":[{"count":1,"href":"https:\/\/agpnoticias.com\/news\/index.php?rest_route=\/wp\/v2\/posts\/2956453\/revisions"}],"predecessor-version":[{"id":2956455,"href":"https:\/\/agpnoticias.com\/news\/index.php?rest_route=\/wp\/v2\/posts\/2956453\/revisions\/2956455"}],"wp:featuredmedia":[{"embeddable":true,"href":"https:\/\/agpnoticias.com\/news\/index.php?rest_route=\/wp\/v2\/media\/2956454"}],"wp:attachment":[{"href":"https:\/\/agpnoticias.com\/news\/index.php?rest_route=%2Fwp%2Fv2%2Fmedia&parent=2956453"}],"wp:term":[{"taxonomy":"category","embeddable":true,"href":"https:\/\/agpnoticias.com\/news\/index.php?rest_route=%2Fwp%2Fv2%2Fcategories&post=2956453"},{"taxonomy":"post_tag","embeddable":true,"href":"https:\/\/agpnoticias.com\/news\/index.php?rest_route=%2Fwp%2Fv2%2Ftags&post=2956453"}],"curies":[{"name":"wp","href":"https:\/\/api.w.org\/{rel}","templated":true}]}}