{"id":2956464,"date":"2023-05-19T09:33:29","date_gmt":"2023-05-19T16:33:29","guid":{"rendered":"https:\/\/agpnoticias.com\/news\/?p=2956464"},"modified":"2023-05-19T09:33:31","modified_gmt":"2023-05-19T16:33:31","slug":"evento-cachanillazo-provoca-cierre-parcial-del-bulevar-costero","status":"publish","type":"post","link":"https:\/\/agpnoticias.com\/news\/?p=2956464","title":{"rendered":"Evento \u00abCachanillazo\u00bb provoca cierre parcial del bulevar Costero"},"content":{"rendered":"\n<p>Ensenada, Baja California .- En su quinta edici\u00f3n, el evento anual conocido como \u00abCachanillazo\u00bb ha dado lugar a la implementaci\u00f3n de medidas de tr\u00e1fico especiales en la ciudad.<\/p>\n<p>En esta ocasi\u00f3n, se llevar\u00e1 a cabo el cierre parcial del bulevar Costero con orientaci\u00f3n de norte a sur, entre el bulevar Estancia y la calle Palmas.<\/p>\n<p>A partir de hoy, 19 de mayo, el tramo mencionado permanecer\u00e1 cerrado al tr\u00e1fico vehicular, y se habilitar\u00e1 la circulaci\u00f3n en doble sentido con orientaci\u00f3n de sur a norte en el lado de la acera oriente.<\/p>\n<p>Esta medida tiene como objetivo garantizar la seguridad de los participantes y espectadores del evento.<\/p>\n<p>Se informa a la comunidad en general que el cierre parcial del bulevar Costero se mantendr\u00e1 hasta ma\u00f1ana, 20 de mayo, a las 10:00 horas, momento en el cual se restablecer\u00e1 la circulaci\u00f3n normal.<\/p>\n<p>Se solicita a los conductores y peatones respetar en todo momento los se\u00f1alamientos e indicaciones emitidas por el personal de tr\u00e1nsito municipal.<\/p>\n<p>Aquellos que necesiten desplazarse durante este periodo se les recomienda utilizar rutas alternas y planificar sus trayectos con anticipaci\u00f3n.<\/p>\n<p>Se insta a salir con suficiente tiempo hacia sus destinos, con el prop\u00f3sito de evitar contratiempos y facilitar el desarrollo exitoso del evento.<\/p>\n<p>La finalidad de estas medidas es garantizar la seguridad y bienestar de todos los involucrados en el \u00abCachanillazo\u00bb.<\/p>\n<p>El evento, que ha ganado popularidad a lo largo de los a\u00f1os, busca fomentar la convivencia y promover actividades recreativas en la ciudad.<\/p>\n<p>Se espera que el cierre parcial del bulevar Costero y las acciones de desv\u00edo implementadas permitan que dicha actividad culmine sin ninguna novedad y con el mayor disfrute por parte de los asistentes.<\/p>\n","protected":false},"excerpt":{"rendered":"","protected":false},"author":1,"featured_media":2956465,"comment_status":"closed","ping_status":"closed","sticky":false,"template":"","format":"standard","meta":{"footnotes":""},"categories":[1],"tags":[],"class_list":["post-2956464","post","type-post","status-publish","format-standard","has-post-thumbnail","hentry","category-uncategorized"],"_links":{"self":[{"href":"https:\/\/agpnoticias.com\/news\/index.php?rest_route=\/wp\/v2\/posts\/2956464","targetHints":{"allow":["GET"]}}],"collection":[{"href":"https:\/\/agpnoticias.com\/news\/index.php?rest_route=\/wp\/v2\/posts"}],"about":[{"href":"https:\/\/agpnoticias.com\/news\/index.php?rest_route=\/wp\/v2\/types\/post"}],"author":[{"embeddable":true,"href":"https:\/\/agpnoticias.com\/news\/index.php?rest_route=\/wp\/v2\/users\/1"}],"replies":[{"embeddable":true,"href":"https:\/\/agpnoticias.com\/news\/index.php?rest_route=%2Fwp%2Fv2%2Fcomments&post=2956464"}],"version-history":[{"count":1,"href":"https:\/\/agpnoticias.com\/news\/index.php?rest_route=\/wp\/v2\/posts\/2956464\/revisions"}],"predecessor-version":[{"id":2956466,"href":"https:\/\/agpnoticias.com\/news\/index.php?rest_route=\/wp\/v2\/posts\/2956464\/revisions\/2956466"}],"wp:featuredmedia":[{"embeddable":true,"href":"https:\/\/agpnoticias.com\/news\/index.php?rest_route=\/wp\/v2\/media\/2956465"}],"wp:attachment":[{"href":"https:\/\/agpnoticias.com\/news\/index.php?rest_route=%2Fwp%2Fv2%2Fmedia&parent=2956464"}],"wp:term":[{"taxonomy":"category","embeddable":true,"href":"https:\/\/agpnoticias.com\/news\/index.php?rest_route=%2Fwp%2Fv2%2Fcategories&post=2956464"},{"taxonomy":"post_tag","embeddable":true,"href":"https:\/\/agpnoticias.com\/news\/index.php?rest_route=%2Fwp%2Fv2%2Ftags&post=2956464"}],"curies":[{"name":"wp","href":"https:\/\/api.w.org\/{rel}","templated":true}]}}