{"id":2956602,"date":"2023-05-20T17:16:42","date_gmt":"2023-05-21T00:16:42","guid":{"rendered":"https:\/\/agpnoticias.com\/news\/?p=2956602"},"modified":"2023-05-20T17:16:44","modified_gmt":"2023-05-21T00:16:44","slug":"dodgers-reporta-urias-a-la-lista-de-lesionados","status":"publish","type":"post","link":"https:\/\/agpnoticias.com\/news\/?p=2956602","title":{"rendered":"Dodgers reporta: Ur\u00edas a la lista de lesionados"},"content":{"rendered":"\n\n\n<p>Los \u00c1ngeles, California.- Julio Ur\u00edas fue colocado en la lista de lesionados por los Dodgers de Los \u00c1ngeles.<\/p>\n<p>Poco antes del juego del s\u00e1bado, la organizaci\u00f3n anunci\u00f3 que el plazo es de 15 d\u00edas por una distensi\u00f3n en el tend\u00f3n de la corva izquierda, retroactivo al viernes. El pitcher mexicano permiti\u00f3 seis carreras, incluidos cuatro jonrones, en tres entradas en su apertura contra los Cardenales el jueves.<\/p>\n<p>Ur\u00edas estaba programado para comenzar el martes contra los Bravos.<\/p>\n<p>Su lesi\u00f3n deja dos signos de interrogaci\u00f3n consecutivos en la rotaci\u00f3n de los Dodgers, ya que el club no ha nombrado oficialmente a un titular para el lunes despu\u00e9s de que Dustin May (distensi\u00f3n en el antebrazo izquierdo) fuera colocado en la lista de lesionados el viernes.<\/p>\n<p><em>Informaci\u00f3n: Los \u00c1ngeles Dodgers.<\/em><\/p>\n","protected":false},"excerpt":{"rendered":"","protected":false},"author":1,"featured_media":2956603,"comment_status":"closed","ping_status":"closed","sticky":false,"template":"","format":"standard","meta":{"footnotes":""},"categories":[30,1142,1151],"tags":[907],"class_list":["post-2956602","post","type-post","status-publish","format-standard","has-post-thumbnail","hentry","category-beisbol","category-grandes-ligas","category-portada","tag-tendencia"],"_links":{"self":[{"href":"https:\/\/agpnoticias.com\/news\/index.php?rest_route=\/wp\/v2\/posts\/2956602","targetHints":{"allow":["GET"]}}],"collection":[{"href":"https:\/\/agpnoticias.com\/news\/index.php?rest_route=\/wp\/v2\/posts"}],"about":[{"href":"https:\/\/agpnoticias.com\/news\/index.php?rest_route=\/wp\/v2\/types\/post"}],"author":[{"embeddable":true,"href":"https:\/\/agpnoticias.com\/news\/index.php?rest_route=\/wp\/v2\/users\/1"}],"replies":[{"embeddable":true,"href":"https:\/\/agpnoticias.com\/news\/index.php?rest_route=%2Fwp%2Fv2%2Fcomments&post=2956602"}],"version-history":[{"count":1,"href":"https:\/\/agpnoticias.com\/news\/index.php?rest_route=\/wp\/v2\/posts\/2956602\/revisions"}],"predecessor-version":[{"id":2956604,"href":"https:\/\/agpnoticias.com\/news\/index.php?rest_route=\/wp\/v2\/posts\/2956602\/revisions\/2956604"}],"wp:featuredmedia":[{"embeddable":true,"href":"https:\/\/agpnoticias.com\/news\/index.php?rest_route=\/wp\/v2\/media\/2956603"}],"wp:attachment":[{"href":"https:\/\/agpnoticias.com\/news\/index.php?rest_route=%2Fwp%2Fv2%2Fmedia&parent=2956602"}],"wp:term":[{"taxonomy":"category","embeddable":true,"href":"https:\/\/agpnoticias.com\/news\/index.php?rest_route=%2Fwp%2Fv2%2Fcategories&post=2956602"},{"taxonomy":"post_tag","embeddable":true,"href":"https:\/\/agpnoticias.com\/news\/index.php?rest_route=%2Fwp%2Fv2%2Ftags&post=2956602"}],"curies":[{"name":"wp","href":"https:\/\/api.w.org\/{rel}","templated":true}]}}