{"id":2956774,"date":"2023-05-22T19:27:41","date_gmt":"2023-05-23T02:27:41","guid":{"rendered":"https:\/\/agpnoticias.com\/news\/?p=2956774"},"modified":"2023-05-22T19:27:44","modified_gmt":"2023-05-23T02:27:44","slug":"delegado-municipal-pierde-la-vida-junto-a-el-trebol-en-el-mismo-vehiculo-segun-el-fiscal","status":"publish","type":"post","link":"https:\/\/agpnoticias.com\/news\/?p=2956774","title":{"rendered":"Delegado municipal pierde la vida junto a &#8216;El Tr\u00e9bol&#8217; en el mismo veh\u00edculo, seg\u00fan el fiscal"},"content":{"rendered":"\n\n\n<p>Ensenada, Baja California.- En un desafortunado suceso ocurrido el s\u00e1bado en el poblado de San Vicente, al sur de Ensenada, el delegado municipal de San Antonio de las Minas, Jos\u00e9 Eduardo Orozco Gil, perdi\u00f3 la vida junto a Alonso Ar\u00e1mbula Pi\u00f1a, conocido como \u00abEl Tr\u00e9bol\u00bb. Ambos ocupaban el mismo veh\u00edculo \u00abtodo terreno\u00bb al momento del ataque armado.<\/p>\n<p>Seg\u00fan el fiscal estatal Ricardo Iv\u00e1n Carpio S\u00e1nchez, el cuerpo del delegado municipal y el de \u00abEl Tr\u00e9bol\u00bb fueron los \u00fanicos que quedaron a bordo del veh\u00edculo. Las dem\u00e1s v\u00edctimas lograron abandonar sus unidades y resguardarse, evitando as\u00ed resultar heridas o perder la vida.<\/p>\n<p>Esto contradice la afirmaci\u00f3n inicial del ayuntamiento de Ensenada, que aseguraba que el delegado municipal se encontraba en el lugar del ataque \u00fanicamente como un aficionado a ese tipo de carreras, avalando su conducta.<\/p>\n<p>Sin embargo, la versi\u00f3n presentada por el fiscal estatal sugiere que el objetivo directo del ataque era Alonso Ar\u00e1mbula Pi\u00f1a, conocido como \u00abEl Tr\u00e9bol\u00bb, quien lamentablemente perdi\u00f3 la vida junto al delegado de San Antonio de las Minas.<\/p>\n<p>Las autoridades contin\u00faan investigando los motivos y las circunstancias exactas de este tr\u00e1gico incidente.<\/p>\n<p>Se espera que se esclarezcan los detalles en los pr\u00f3ximos d\u00edas y se realicen las acciones necesarias para llevar a los responsables ante la justicia.<\/p>\n<p>\u00a0<\/p>\n","protected":false},"excerpt":{"rendered":"","protected":false},"author":1,"featured_media":2956775,"comment_status":"closed","ping_status":"closed","sticky":false,"template":"","format":"standard","meta":{"footnotes":""},"categories":[1],"tags":[],"class_list":["post-2956774","post","type-post","status-publish","format-standard","has-post-thumbnail","hentry","category-uncategorized"],"_links":{"self":[{"href":"https:\/\/agpnoticias.com\/news\/index.php?rest_route=\/wp\/v2\/posts\/2956774","targetHints":{"allow":["GET"]}}],"collection":[{"href":"https:\/\/agpnoticias.com\/news\/index.php?rest_route=\/wp\/v2\/posts"}],"about":[{"href":"https:\/\/agpnoticias.com\/news\/index.php?rest_route=\/wp\/v2\/types\/post"}],"author":[{"embeddable":true,"href":"https:\/\/agpnoticias.com\/news\/index.php?rest_route=\/wp\/v2\/users\/1"}],"replies":[{"embeddable":true,"href":"https:\/\/agpnoticias.com\/news\/index.php?rest_route=%2Fwp%2Fv2%2Fcomments&post=2956774"}],"version-history":[{"count":1,"href":"https:\/\/agpnoticias.com\/news\/index.php?rest_route=\/wp\/v2\/posts\/2956774\/revisions"}],"predecessor-version":[{"id":2956776,"href":"https:\/\/agpnoticias.com\/news\/index.php?rest_route=\/wp\/v2\/posts\/2956774\/revisions\/2956776"}],"wp:featuredmedia":[{"embeddable":true,"href":"https:\/\/agpnoticias.com\/news\/index.php?rest_route=\/wp\/v2\/media\/2956775"}],"wp:attachment":[{"href":"https:\/\/agpnoticias.com\/news\/index.php?rest_route=%2Fwp%2Fv2%2Fmedia&parent=2956774"}],"wp:term":[{"taxonomy":"category","embeddable":true,"href":"https:\/\/agpnoticias.com\/news\/index.php?rest_route=%2Fwp%2Fv2%2Fcategories&post=2956774"},{"taxonomy":"post_tag","embeddable":true,"href":"https:\/\/agpnoticias.com\/news\/index.php?rest_route=%2Fwp%2Fv2%2Ftags&post=2956774"}],"curies":[{"name":"wp","href":"https:\/\/api.w.org\/{rel}","templated":true}]}}