{"id":2956777,"date":"2023-05-22T19:35:37","date_gmt":"2023-05-23T02:35:37","guid":{"rendered":"https:\/\/agpnoticias.com\/news\/?p=2956777"},"modified":"2023-05-22T19:35:39","modified_gmt":"2023-05-23T02:35:39","slug":"violenta-emboscada-deja-10-muertos-en-baja-california-fiscal-atribuye-el-ataque-a-un-encuentro-fortuito-entre-grupos-criminales","status":"publish","type":"post","link":"https:\/\/agpnoticias.com\/news\/?p=2956777","title":{"rendered":"Violenta emboscada deja 10 muertos en Baja California: Fiscal atribuye el ataque a un encuentro fortuito entre grupos criminales"},"content":{"rendered":"\n<p>Ensenada, Baja California &#8211; Una terrible emboscada ocurrida en la regi\u00f3n dej\u00f3 un tr\u00e1gico saldo de 10 personas muertas y un n\u00famero igual de heridos. El fiscal estatal, Ricardo Iv\u00e1n Carpio S\u00e1nchez, ha atribuido este ataque armado a un \u00abencuentro fortuito\u00bb entre dos grupos criminales antag\u00f3nicos.<\/p>\n<p>Carpio S\u00e1nchez revel\u00f3 que las \u00e1reas de inteligencia no hab\u00edan detectado publicaciones en redes sociales por parte de Alonso Ar\u00e1mbula Pi\u00f1a, conocido como \u00abEl Tr\u00e9bol\u00bb, quien incluso hab\u00eda compartido fotograf\u00edas y videos de su participaci\u00f3n en el evento \u00abEl Cachanillazo\u00bb.\u00a0<\/p>\n<p><a href=\"https:\/\/agpnoticias.com\/news\/wp-content\/uploads\/2023\/05\/23499860-70ED-4AC1-9807-8AEF3714C090.jpeg\"><img fetchpriority=\"high\" decoding=\"async\" class=\"aligncenter size-full wp-image-2956779\" src=\"https:\/\/agpnoticias.com\/news\/wp-content\/uploads\/2023\/05\/23499860-70ED-4AC1-9807-8AEF3714C090.jpeg\" alt=\"\" width=\"1200\" height=\"800\" srcset=\"https:\/\/agpnoticias.com\/news\/wp-content\/uploads\/2023\/05\/23499860-70ED-4AC1-9807-8AEF3714C090.jpeg 1200w, https:\/\/agpnoticias.com\/news\/wp-content\/uploads\/2023\/05\/23499860-70ED-4AC1-9807-8AEF3714C090-1024x683.jpeg 1024w\" sizes=\"(max-width: 1200px) 100vw, 1200px\" \/><\/a><\/p>\n<p>En cuanto a los responsables del ataque, el fiscal indic\u00f3 que se cree que pertenecen a un grupo delictivo que opera desde Sinaloa hasta Baja California, y es probable que ya no se encuentren en la entidad.<\/p>\n<p>Seg\u00fan la informaci\u00f3n recabada hasta el momento, ambos grupos sol\u00edan colaborar en actividades delictivas en el pasado, pero por razones a\u00fan no determinadas, se produjo una ruptura que desencaden\u00f3 esta violenta emboscada. La proximidad entre los grupos permiti\u00f3 identificar a \u00abEl Tr\u00e9bol\u00bb como objetivo directo, lo cual result\u00f3 en el ataque mortal.<\/p>\n<p>Al ser cuestionado sobre un posible v\u00ednculo criminal del delegado de San Antonio de las Minas, Jos\u00e9 Eduardo Orozco Gil, Carpio S\u00e1nchez afirm\u00f3 que, hasta el momento de la investigaci\u00f3n, no se han encontrado elementos que confirmen o descarten dicha conexi\u00f3n.<\/p>\n<p>Ante la gravedad de los hechos, se ha formado un grupo especial de investigaci\u00f3n integrado por elementos de todos los municipios. El secretario de Seguridad y Protecci\u00f3n Ciudadana del Estado, Leopoldo Tizoc Aguilar Dur\u00e1n, descart\u00f3 la hip\u00f3tesis de que el incidente est\u00e9 relacionado con el reciente decomiso de coca\u00edna en el puerto de Ensenada, aunque admiti\u00f3 que inicialmente fue una de las primeras l\u00edneas de investigaci\u00f3n.<\/p>\n<p>Las autoridades contin\u00faan trabajando para esclarecer los motivos exactos detr\u00e1s de este violento enfrentamiento y capturar a los responsables, a fin de llevarlos ante la justicia y garantizar la seguridad de la regi\u00f3n.<\/p>\n","protected":false},"excerpt":{"rendered":"","protected":false},"author":1,"featured_media":2956778,"comment_status":"closed","ping_status":"closed","sticky":false,"template":"","format":"standard","meta":{"footnotes":""},"categories":[1],"tags":[],"class_list":["post-2956777","post","type-post","status-publish","format-standard","has-post-thumbnail","hentry","category-uncategorized"],"_links":{"self":[{"href":"https:\/\/agpnoticias.com\/news\/index.php?rest_route=\/wp\/v2\/posts\/2956777","targetHints":{"allow":["GET"]}}],"collection":[{"href":"https:\/\/agpnoticias.com\/news\/index.php?rest_route=\/wp\/v2\/posts"}],"about":[{"href":"https:\/\/agpnoticias.com\/news\/index.php?rest_route=\/wp\/v2\/types\/post"}],"author":[{"embeddable":true,"href":"https:\/\/agpnoticias.com\/news\/index.php?rest_route=\/wp\/v2\/users\/1"}],"replies":[{"embeddable":true,"href":"https:\/\/agpnoticias.com\/news\/index.php?rest_route=%2Fwp%2Fv2%2Fcomments&post=2956777"}],"version-history":[{"count":1,"href":"https:\/\/agpnoticias.com\/news\/index.php?rest_route=\/wp\/v2\/posts\/2956777\/revisions"}],"predecessor-version":[{"id":2956780,"href":"https:\/\/agpnoticias.com\/news\/index.php?rest_route=\/wp\/v2\/posts\/2956777\/revisions\/2956780"}],"wp:featuredmedia":[{"embeddable":true,"href":"https:\/\/agpnoticias.com\/news\/index.php?rest_route=\/wp\/v2\/media\/2956778"}],"wp:attachment":[{"href":"https:\/\/agpnoticias.com\/news\/index.php?rest_route=%2Fwp%2Fv2%2Fmedia&parent=2956777"}],"wp:term":[{"taxonomy":"category","embeddable":true,"href":"https:\/\/agpnoticias.com\/news\/index.php?rest_route=%2Fwp%2Fv2%2Fcategories&post=2956777"},{"taxonomy":"post_tag","embeddable":true,"href":"https:\/\/agpnoticias.com\/news\/index.php?rest_route=%2Fwp%2Fv2%2Ftags&post=2956777"}],"curies":[{"name":"wp","href":"https:\/\/api.w.org\/{rel}","templated":true}]}}