{"id":2957098,"date":"2023-05-27T09:09:46","date_gmt":"2023-05-27T16:09:46","guid":{"rendered":"https:\/\/agpnoticias.com\/news\/?p=2957098"},"modified":"2023-05-27T09:09:51","modified_gmt":"2023-05-27T16:09:51","slug":"lopez-obrador-rompe-relaciones-economicas-con-peru-hasta-alcanzar-una-normalidad-democratica","status":"publish","type":"post","link":"https:\/\/agpnoticias.com\/news\/?p=2957098","title":{"rendered":"L\u00f3pez Obrador rompe relaciones econ\u00f3micas con Per\u00fa hasta alcanzar una &#8216;normalidad democr\u00e1tica"},"content":{"rendered":"\n<p>Ciudad de M\u00e9xico.- El presidente de M\u00e9xico, Andr\u00e9s Manuel L\u00f3pez Obrador, anunci\u00f3 que su pa\u00eds no mantendr\u00e1 relaciones econ\u00f3micas ni comerciales con Per\u00fa hasta que exista una \u00abnormalidad democr\u00e1tica\u00bb en el pa\u00eds sudamericano. <\/p>\n<p>Estas declaraciones se dieron en respuesta a la reciente declaraci\u00f3n de persona non grata del mandatario mexicano por parte del Congreso peruano.<\/p>\n<p>L\u00f3pez Obrador expres\u00f3 su aprecio por el pueblo peruano y lament\u00f3 no poder visitar lugares emblem\u00e1ticos como Machu Picchu debido a la situaci\u00f3n actual.<\/p>\n<p>Tambi\u00e9n agradeci\u00f3 a los legisladores peruanos que votaron en contra de la declaraci\u00f3n de persona non grata, pero se\u00f1al\u00f3 que la decisi\u00f3n les afecta.<\/p>\n<p>La controversia entre ambos pa\u00edses surgi\u00f3 a ra\u00edz de las declaraciones de L\u00f3pez Obrador sobre asuntos internos de Per\u00fa y su negativa a transferir la presidencia de la Alianza del Pac\u00edfico a la actual presidenta Dina Boluarte, a quien calific\u00f3 de \u00abusurpadora\u00bb.<\/p>\n<p>El Congreso peruano argument\u00f3 que el presidente mexicano ha realizado declaraciones injerencistas y cargadas de falsedades, lo que motiv\u00f3 la declaraci\u00f3n de persona non grata.<\/p>\n<p>La votaci\u00f3n en el Congreso peruano result\u00f3 en 65 votos a favor, 40 en contra y 2 abstenciones a favor de la medida. <\/p>\n<p>El pronunciamiento destac\u00f3 que L\u00f3pez Obrador desconoce la sucesi\u00f3n leg\u00edtima constitucional en Per\u00fa y no cumple con sus obligaciones internacionales en el marco de la Alianza del Pac\u00edfico.<\/p>\n<p>M\u00e9xico, por su parte, reiter\u00f3 que no reconocer\u00e1 a Boluarte como presidenta leg\u00edtima de Per\u00fa y no entregar\u00e1 la Presidencia de la Alianza del Pac\u00edfico a su gobierno. Estas tensiones evidencian un deterioro en las relaciones bilaterales entre ambos pa\u00edses y plantean un desaf\u00edo diplom\u00e1tico en la regi\u00f3n.<\/p>\n","protected":false},"excerpt":{"rendered":"","protected":false},"author":1,"featured_media":2957099,"comment_status":"closed","ping_status":"closed","sticky":false,"template":"","format":"standard","meta":{"footnotes":""},"categories":[1],"tags":[],"class_list":["post-2957098","post","type-post","status-publish","format-standard","has-post-thumbnail","hentry","category-uncategorized"],"_links":{"self":[{"href":"https:\/\/agpnoticias.com\/news\/index.php?rest_route=\/wp\/v2\/posts\/2957098","targetHints":{"allow":["GET"]}}],"collection":[{"href":"https:\/\/agpnoticias.com\/news\/index.php?rest_route=\/wp\/v2\/posts"}],"about":[{"href":"https:\/\/agpnoticias.com\/news\/index.php?rest_route=\/wp\/v2\/types\/post"}],"author":[{"embeddable":true,"href":"https:\/\/agpnoticias.com\/news\/index.php?rest_route=\/wp\/v2\/users\/1"}],"replies":[{"embeddable":true,"href":"https:\/\/agpnoticias.com\/news\/index.php?rest_route=%2Fwp%2Fv2%2Fcomments&post=2957098"}],"version-history":[{"count":2,"href":"https:\/\/agpnoticias.com\/news\/index.php?rest_route=\/wp\/v2\/posts\/2957098\/revisions"}],"predecessor-version":[{"id":2957101,"href":"https:\/\/agpnoticias.com\/news\/index.php?rest_route=\/wp\/v2\/posts\/2957098\/revisions\/2957101"}],"wp:featuredmedia":[{"embeddable":true,"href":"https:\/\/agpnoticias.com\/news\/index.php?rest_route=\/wp\/v2\/media\/2957099"}],"wp:attachment":[{"href":"https:\/\/agpnoticias.com\/news\/index.php?rest_route=%2Fwp%2Fv2%2Fmedia&parent=2957098"}],"wp:term":[{"taxonomy":"category","embeddable":true,"href":"https:\/\/agpnoticias.com\/news\/index.php?rest_route=%2Fwp%2Fv2%2Fcategories&post=2957098"},{"taxonomy":"post_tag","embeddable":true,"href":"https:\/\/agpnoticias.com\/news\/index.php?rest_route=%2Fwp%2Fv2%2Ftags&post=2957098"}],"curies":[{"name":"wp","href":"https:\/\/api.w.org\/{rel}","templated":true}]}}