{"id":2957503,"date":"2023-05-31T16:23:00","date_gmt":"2023-05-31T23:23:00","guid":{"rendered":"https:\/\/agpnoticias.com\/news\/?p=2957503"},"modified":"2023-06-01T12:27:29","modified_gmt":"2023-06-01T19:27:29","slug":"davino-y-lillini-presentados-en-selecciones-nacionales","status":"publish","type":"post","link":"https:\/\/agpnoticias.com\/news\/?p=2957503","title":{"rendered":"Davino y Lillini presentados en selecciones nacionales"},"content":{"rendered":"\n\n\n<p>Ciudad de M\u00e9xico.- Fueron presentados Duilio Davino y Andr\u00e9s Lillini como director deportivo de Selecci\u00f3n Nacional Mayor y como director de Selecciones Nacionales Menores, respectivamente.<\/p>\n<p>El evento lo encabez\u00f3 Rodrigo Ares de Parga, director ejecutivo de Selecciones Nacionales, qui\u00e9n adem\u00e1s de darles la bienvenida, destac\u00f3 sus carreras profesionales: Duilio como jugador y directivo, y Lillini como director t\u00e9cnico y gran formador de jugadores.<\/p>\n<p>Ambos contribuyeron en la construcci\u00f3n del plan integral para Selecciones Nacionales.<\/p>\n<p>Ares de Parga coment\u00f3 que en los ultimos 100 d\u00edas se reuni\u00f3 con mucha gente del f\u00fatbol para escuchar todo tipo de propuestas, ideas y comentarios, y redondear este plan, en el que se reconoce que la Selecci\u00f3n Nacional Mayor y los combinados menores no son lo mismo, que son diferentes, por lo que el trabajo debe ser separado, pero bajo una misma identidad.<\/p>\n<p>\u201cUna de las cosas que creo hemos avanzando es que estamos haciendo procesos, estamos realizando un plan integral, pero no de tres a\u00f1os, ni de seis meses, un plan integral que nos permita operar mejor en las diferentes \u00e1reas de selecciones, atr\u00e1s de una selecci\u00f3n hay muchas cosas y todo eso es lo que hace que la selecci\u00f3n avance\u201d, expuso Ares de Parga en la rueda de prensa.<\/p>\n<p>\u201cSe trata, entonces, de un proceso de mediano y largo plazo\u201d, puntualiz\u00f3 Ares de Parga, quien hizo \u00e9nfasis en la importancia de no perder de vista la continuidad en los procesos, mejor trabajados para no perder de vista a ning\u00fan jugador con talento, y que por ello, el plan es trabajar desde la sub 15.<\/p>\n<p>En la conferencia de prensa, Duilio Davino destac\u00f3 la reducci\u00f3n en el promedio de edad de los convocados, y al respecto precis\u00f3 que \u00e9ste baj\u00f3 en tres a\u00f1os respecto a la selecci\u00f3n que particip\u00f3 en la pasada Copa del Mundo.<\/p>\n<p>\u201cCreo que esto es algo que tenemos que decir y que sepan\u201d, explic\u00f3 Davino, quien dijo estar contento e ilusionado de iniciar su trabajo con la Selecci\u00f3n Nacional de M\u00e9xico para el que aportar\u00e1 su experiencia en el \u00e1rea directiva, en los medios, en el f\u00fatbol cancha.<\/p>\n<p>\u201cLa selecci\u00f3n es de todos, necesitamos estar mucho m\u00e1s cerca de los clubes, tener mejor comunicaci\u00f3n con ellos, viajar a ver partidos, tenemos que saber qu\u00e9 hacen nuestros jugadores en los clubes, estar mucho m\u00e1s cerca de los medios, escuchar a la gente\u201d, dijo.<\/p>\n<p>\u201cLo que yo quiero es que M\u00e9xico tenga el mejor mundial en el 2026 y yo ser parte de eso y que todos seamos parte de eso, seguramente vendr\u00e1n momentos buenos, malos, esperemos que los malos sean los menos, pero que tenemos un plan y un rumbo a donde llegar\u201d, subray\u00f3 el director deportivo de la Selecci\u00f3n Varonil Mayor.<\/p>\n<p>Duilio Davino destac\u00f3 la importancia de la atenci\u00f3n multidisciplinaria alrededor del futbol en el \u00e1rea m\u00e9dica, la f\u00edsica, la psicol\u00f3gica, la inteligencia deportiva, pues es determinante para competir contra los mejores.<\/p>\n<p>En su oportunidad, Andr\u00e9s Lillini se\u00f1al\u00f3 que llegar a Selecciones Nacionales de M\u00e9xico es un sue\u00f1o que ten\u00eda como formador y lo aprovechar\u00e1 trabajando con las Fuerzas B\u00e1sicas de los clubes.<\/p>\n<p>\u201cQueremos tener grupos s\u00f3lidos, trabajar mucho con los chavos, ser muy espec\u00edficos, tenemos una comunicaci\u00f3n muy directa con la selecci\u00f3n mayor. Lo que queremos es que m\u00e1s de la mitad de los futbolistas para el 2030 tengan el proceso de selecciones completo. A mejor competencia que le damos al jugador, mayor crecimiento va a tener, aqu\u00ed y en su club de origen\u201d, coment\u00f3 Lillini.<\/p>\n<p>Ante los representantes de los medios de comunicaci\u00f3n, Lillini dio a conocer a todos los entrenadores de las selecciones nacionales menores de M\u00e9xico, a quienes eligi\u00f3 por su experiencia en la formaci\u00f3n de jugadores juveniles:<\/p>\n<p>\u2022 Selecci\u00f3n Sub-23, Gerardo Espinoza<\/p>\n<p>\u2022 Selecci\u00f3n Sub-20, Ra\u00fal Chabrand<\/p>\n<p>\u2022 Selecci\u00f3n Sub-18, Alex Diego<\/p>\n<p>\u2022 Selecci\u00f3n Sub-17, Carlos Cari\u00f1o<\/p>\n<p>\u2022 Selecci\u00f3n Sub-16, pendiente<\/p>\n<p>\u2022 Selecci\u00f3n Sub-15, Jos\u00e9 Antonio Castro<\/p>\n<p><em>Informaci\u00f3n: Selecci\u00f3n Nacional de M\u00e9xico.<\/em><\/p>\n","protected":false},"excerpt":{"rendered":"","protected":false},"author":1,"featured_media":2957504,"comment_status":"closed","ping_status":"closed","sticky":false,"template":"","format":"standard","meta":{"footnotes":""},"categories":[32,1151,1149],"tags":[595],"class_list":["post-2957503","post","type-post","status-publish","format-standard","has-post-thumbnail","hentry","category-soccer","category-portada","category-seleccion-mexicana-2","tag-destacado"],"_links":{"self":[{"href":"https:\/\/agpnoticias.com\/news\/index.php?rest_route=\/wp\/v2\/posts\/2957503","targetHints":{"allow":["GET"]}}],"collection":[{"href":"https:\/\/agpnoticias.com\/news\/index.php?rest_route=\/wp\/v2\/posts"}],"about":[{"href":"https:\/\/agpnoticias.com\/news\/index.php?rest_route=\/wp\/v2\/types\/post"}],"author":[{"embeddable":true,"href":"https:\/\/agpnoticias.com\/news\/index.php?rest_route=\/wp\/v2\/users\/1"}],"replies":[{"embeddable":true,"href":"https:\/\/agpnoticias.com\/news\/index.php?rest_route=%2Fwp%2Fv2%2Fcomments&post=2957503"}],"version-history":[{"count":1,"href":"https:\/\/agpnoticias.com\/news\/index.php?rest_route=\/wp\/v2\/posts\/2957503\/revisions"}],"predecessor-version":[{"id":2957505,"href":"https:\/\/agpnoticias.com\/news\/index.php?rest_route=\/wp\/v2\/posts\/2957503\/revisions\/2957505"}],"wp:featuredmedia":[{"embeddable":true,"href":"https:\/\/agpnoticias.com\/news\/index.php?rest_route=\/wp\/v2\/media\/2957504"}],"wp:attachment":[{"href":"https:\/\/agpnoticias.com\/news\/index.php?rest_route=%2Fwp%2Fv2%2Fmedia&parent=2957503"}],"wp:term":[{"taxonomy":"category","embeddable":true,"href":"https:\/\/agpnoticias.com\/news\/index.php?rest_route=%2Fwp%2Fv2%2Fcategories&post=2957503"},{"taxonomy":"post_tag","embeddable":true,"href":"https:\/\/agpnoticias.com\/news\/index.php?rest_route=%2Fwp%2Fv2%2Ftags&post=2957503"}],"curies":[{"name":"wp","href":"https:\/\/api.w.org\/{rel}","templated":true}]}}