{"id":2957708,"date":"2023-06-04T17:32:00","date_gmt":"2023-06-05T00:32:00","guid":{"rendered":"https:\/\/agpnoticias.com\/news\/?p=2957708"},"modified":"2023-06-04T19:39:58","modified_gmt":"2023-06-05T02:39:58","slug":"fallecio-el-periodista-ricardo-rocha","status":"publish","type":"post","link":"https:\/\/agpnoticias.com\/news\/?p=2957708","title":{"rendered":"Falleci\u00f3 el periodista Ricardo Rocha"},"content":{"rendered":"\n\n\n<p>Ciudad de M\u00e9xico.- Ricardo Rocha, colaborador de Radio F\u00f3rmula, falleci\u00f3 este domingo a los 76 a\u00f1os de edad.<\/p>\n<p>Rocha era el conductor del programa Detr\u00e1s de la Noticia, el cual se transmit\u00eda en el 104.1, de lunes a viernes de 5:30 a 7:00 horas.<\/p>\n<p>Juan Francisco Rocha, hijo del periodista, se\u00f1al\u00f3 en entrevista para Grupo F\u00f3rmula que la noticia los tom\u00f3 por sorpresa, pues recientemente los m\u00e9dicos del comunicador le aseguraron que, a pesar de sus problemas relacionados con un ri\u00f1\u00f3n y anemia, le ve\u00edan un \u201cbuen futuro por delante\u201d.<\/p>\n<p>El presidente Andr\u00e9s Manuel L\u00f3pez Obrador lament\u00f3 el fallecimiento del periodista, y asegur\u00f3 que siempre fueron buenos amigos.<\/p>\n<p>Uno de los hijos del periodista, Jorge Armando Rocha, lament\u00f3 su muerte a trav\u00e9s de su cuenta de Twitter. \u201cDejas gran escuela period\u00edstica. Ayudaste a todo aqu\u00e9l que se te acerc\u00f3\u201d.<\/p>\n<p>Ricardo Rocha fue un gran periodista: se desempe\u00f1\u00f3 como redactor, reportero, corresponsal de guerra, productor y conductor de diferentes programas.<\/p>\n<p>El periodista, quien creci\u00f3 en un barrio de Tepito, gan\u00f3 el premio nacional de periodismo gracias a su cobertura en la Revoluci\u00f3n Sandinista en Nicaragua.<\/p>\n<p>Rocha, quien adem\u00e1s es coautor es \u201cYo Corresponsal de Guerra\u201d y autor de \u201cConversaciones para Gente Grande\u201d, estudi\u00f3 administraci\u00f3n de empresas en la Universidad Nacional Aut\u00f3noma de M\u00e9xico (UNAM), sin embargo termin\u00f3 inclin\u00e1ndose por el periodismo.<\/p>\n<p>Adem\u00e1s de Grupo F\u00f3rmula, Ricardo Rocha particip\u00f3 el programa Animal Nocturno de TV Azteca. Tambi\u00e9n fungi\u00f3 como director del Canal de TV de la Asamblea Legislativa del entonces Distrito Federal.<\/p>\n<p><em>Informaci\u00f3n: Grupo F\u00f3rmula.<\/em><\/p>\n","protected":false},"excerpt":{"rendered":"","protected":false},"author":1,"featured_media":2957710,"comment_status":"closed","ping_status":"closed","sticky":false,"template":"","format":"standard","meta":{"footnotes":""},"categories":[1064,1151],"tags":[907],"class_list":["post-2957708","post","type-post","status-publish","format-standard","has-post-thumbnail","hentry","category-espectaculos-2","category-portada","tag-tendencia"],"_links":{"self":[{"href":"https:\/\/agpnoticias.com\/news\/index.php?rest_route=\/wp\/v2\/posts\/2957708","targetHints":{"allow":["GET"]}}],"collection":[{"href":"https:\/\/agpnoticias.com\/news\/index.php?rest_route=\/wp\/v2\/posts"}],"about":[{"href":"https:\/\/agpnoticias.com\/news\/index.php?rest_route=\/wp\/v2\/types\/post"}],"author":[{"embeddable":true,"href":"https:\/\/agpnoticias.com\/news\/index.php?rest_route=\/wp\/v2\/users\/1"}],"replies":[{"embeddable":true,"href":"https:\/\/agpnoticias.com\/news\/index.php?rest_route=%2Fwp%2Fv2%2Fcomments&post=2957708"}],"version-history":[{"count":1,"href":"https:\/\/agpnoticias.com\/news\/index.php?rest_route=\/wp\/v2\/posts\/2957708\/revisions"}],"predecessor-version":[{"id":2957711,"href":"https:\/\/agpnoticias.com\/news\/index.php?rest_route=\/wp\/v2\/posts\/2957708\/revisions\/2957711"}],"wp:featuredmedia":[{"embeddable":true,"href":"https:\/\/agpnoticias.com\/news\/index.php?rest_route=\/wp\/v2\/media\/2957710"}],"wp:attachment":[{"href":"https:\/\/agpnoticias.com\/news\/index.php?rest_route=%2Fwp%2Fv2%2Fmedia&parent=2957708"}],"wp:term":[{"taxonomy":"category","embeddable":true,"href":"https:\/\/agpnoticias.com\/news\/index.php?rest_route=%2Fwp%2Fv2%2Fcategories&post=2957708"},{"taxonomy":"post_tag","embeddable":true,"href":"https:\/\/agpnoticias.com\/news\/index.php?rest_route=%2Fwp%2Fv2%2Ftags&post=2957708"}],"curies":[{"name":"wp","href":"https:\/\/api.w.org\/{rel}","templated":true}]}}