{"id":2957867,"date":"2023-06-07T22:15:16","date_gmt":"2023-06-08T05:15:16","guid":{"rendered":"https:\/\/agpnoticias.com\/news\/?p=2957867"},"modified":"2023-06-07T22:15:21","modified_gmt":"2023-06-08T05:15:21","slug":"ensenada-lobos-se-estrena-el-viernes-en-casa","status":"publish","type":"post","link":"https:\/\/agpnoticias.com\/news\/?p=2957867","title":{"rendered":"Ensenada Lobos se estrena el viernes en casa"},"content":{"rendered":"\n\n\n<p>Ensenada, Baja California.- Ensenada Lobos present\u00f3 de manera oficial la temporada 2023 de Cibapac.<\/p>\n<p>El coach Lewis Laselle-Taylor fue confirmado por tercera ciclo consecutivo junto a los directivos Pedro Ruiz, Jos\u00e9 Luis Maldonado, Erick Barraza y Jorge Gar\u00edn.<\/p>\n<p>\u201cTrabajamos para llegar a finales y lograr el campeonato\u201d, dijo Maldonado.<\/p>\n<p>El primer juego ser\u00e1 el viernes 9 de junio a las 20:00 horas en el gimnasio municipal \u00d3scar \u201cTigre\u201d Garc\u00eda contra Sun de Rosarito, \u201cun equipo renovado que ya estuvo la temporada pasada con otro nombre\u201d.<\/p>\n<p>\u201cQueremos crear una mejor experiencia para las familias con un nuevo espect\u00e1culo, marcando un parteaguas\u201d, apunt\u00f3 Erick Barraza.<\/p>\n<p>El coach Lasalle-Taylor \u201cun privilegio ser parte de este proyecto al que llegu\u00e9 en 2021\u201d.<\/p>\n<p>\u201cEs de las pocas veces que he trabajado desarrollando jugadores mexicanos y hemos visto los resultados dando juego a los j\u00f3venes\u201d, refiri\u00f3 en torno a las reglas que exigen la inclusi\u00f3n de basquetbolista con l\u00edmite de edad.<\/p>\n<p>El coach que hizo campeones a los Lobos en 2021, consider\u00f3 que un a\u00f1o m\u00e1s tarde se perdi\u00f3 por no tener en casa el juego decisivo, en ese caso contra Cananea.<\/p>\n<p>A un par de d\u00edas del debut, advirti\u00f3 que hay jugadores lesionados, pero confi\u00f3 en que la continuidad de Jos\u00e9 Luis Bucio y Leo Cabrera, \u201cmoviendo al equipo\u201d, se sortear\u00e1 el inicio de campa\u00f1a.<\/p>\n<p>\u201cVamos a hacer ajustes\u201d, agreg\u00f3.<\/p>\n<p>Reggie Jordan, asistente, tambi\u00e9n resalt\u00f3 el plantel redondeado para competir por el t\u00edtulo, sobre todo con la capacidad de los juveniles reunidos.<\/p>\n<p>En el acto fueron develados los uniformes, portados por Jos\u00e9 Luis Bucio, Kevin Vargas, Davante Pollard y Tyrone Jones.<\/p>\n","protected":false},"excerpt":{"rendered":"","protected":false},"author":1,"featured_media":2957872,"comment_status":"closed","ping_status":"closed","sticky":false,"template":"","format":"standard","meta":{"footnotes":""},"categories":[35,1151,1152],"tags":[595],"class_list":["post-2957867","post","type-post","status-publish","format-standard","has-post-thumbnail","hentry","category-basquetbol","category-portada","category-editor-seleccion","tag-destacado"],"_links":{"self":[{"href":"https:\/\/agpnoticias.com\/news\/index.php?rest_route=\/wp\/v2\/posts\/2957867","targetHints":{"allow":["GET"]}}],"collection":[{"href":"https:\/\/agpnoticias.com\/news\/index.php?rest_route=\/wp\/v2\/posts"}],"about":[{"href":"https:\/\/agpnoticias.com\/news\/index.php?rest_route=\/wp\/v2\/types\/post"}],"author":[{"embeddable":true,"href":"https:\/\/agpnoticias.com\/news\/index.php?rest_route=\/wp\/v2\/users\/1"}],"replies":[{"embeddable":true,"href":"https:\/\/agpnoticias.com\/news\/index.php?rest_route=%2Fwp%2Fv2%2Fcomments&post=2957867"}],"version-history":[{"count":1,"href":"https:\/\/agpnoticias.com\/news\/index.php?rest_route=\/wp\/v2\/posts\/2957867\/revisions"}],"predecessor-version":[{"id":2957868,"href":"https:\/\/agpnoticias.com\/news\/index.php?rest_route=\/wp\/v2\/posts\/2957867\/revisions\/2957868"}],"wp:featuredmedia":[{"embeddable":true,"href":"https:\/\/agpnoticias.com\/news\/index.php?rest_route=\/wp\/v2\/media\/2957872"}],"wp:attachment":[{"href":"https:\/\/agpnoticias.com\/news\/index.php?rest_route=%2Fwp%2Fv2%2Fmedia&parent=2957867"}],"wp:term":[{"taxonomy":"category","embeddable":true,"href":"https:\/\/agpnoticias.com\/news\/index.php?rest_route=%2Fwp%2Fv2%2Fcategories&post=2957867"},{"taxonomy":"post_tag","embeddable":true,"href":"https:\/\/agpnoticias.com\/news\/index.php?rest_route=%2Fwp%2Fv2%2Ftags&post=2957867"}],"curies":[{"name":"wp","href":"https:\/\/api.w.org\/{rel}","templated":true}]}}