{"id":2958009,"date":"2023-06-10T20:44:02","date_gmt":"2023-06-11T03:44:02","guid":{"rendered":"https:\/\/agpnoticias.com\/news\/?p=2958009"},"modified":"2023-06-10T20:44:06","modified_gmt":"2023-06-11T03:44:06","slug":"obtiene-baja-california-dos-triunfos-en-primera-ronda-en-ajedrez","status":"publish","type":"post","link":"https:\/\/agpnoticias.com\/news\/?p=2958009","title":{"rendered":"Obtiene Baja California dos triunfos en primera ronda en ajedrez"},"content":{"rendered":"\n<p><span style=\"font-size: revert;\">Villahermosa, Tabasco.- Al ponerse en marcha el ajedrez en Nacionales Conade 2023, los bajacaliforiaos Irving Galv\u00e1n de la categor\u00eda Sub 12 Varonil y Carlos Varela 15-16 Varonil obtuvieron triunfos en la primera ronda.<\/span><\/p>\n<p>En el ajedrez cl\u00e1sico, los alumnos de Sandra Jim\u00e9nez levantaron la mano en su presentaci\u00f3n en los Nacionales Conada en la capital tabasque\u00f1a, donde Renata Moreno obtuvo un empate en la Sub 12 Femenil.<\/p>\n<p><a href=\"https:\/\/agpnoticias.com\/news\/wp-content\/uploads\/2023\/06\/f35913fa-2973-4075-80ef-934c38a529dd.jpeg\"><img fetchpriority=\"high\" decoding=\"async\" class=\"aligncenter size-full wp-image-2958010\" src=\"https:\/\/agpnoticias.com\/news\/wp-content\/uploads\/2023\/06\/f35913fa-2973-4075-80ef-934c38a529dd.jpeg\" alt=\"\" width=\"1200\" height=\"675\" srcset=\"https:\/\/agpnoticias.com\/news\/wp-content\/uploads\/2023\/06\/f35913fa-2973-4075-80ef-934c38a529dd.jpeg 1200w, https:\/\/agpnoticias.com\/news\/wp-content\/uploads\/2023\/06\/f35913fa-2973-4075-80ef-934c38a529dd-1024x576.jpeg 1024w\" sizes=\"(max-width: 1200px) 100vw, 1200px\" \/><\/a><br \/><br \/>En la categor\u00eda Sub 12 Varonil, el ensenadense Irving Galv\u00e1n se impuso en la partida a Mateo Acosta, de Quintana Roo, y el tijuanense Carlos Varela a Edgar Espinoza, de Sonora; Renata Moreno qued\u00f3 tablas con Vanessa Cort\u00e9s, de Veracruz.<\/p>\n<p>La ensenadense Paula Garc\u00eda, en la Sub 13-14 Femenil, perdi\u00f3 en la primera ronda con Haley Leyva de Sonora, y el rosaritense \u00c1ngel Castillo, en la 14-16 Varonil, tropez\u00f3 con Mat\u00edas Alvarado, de Hidalgo.<\/p>\n","protected":false},"excerpt":{"rendered":"","protected":false},"author":1,"featured_media":2958011,"comment_status":"closed","ping_status":"closed","sticky":false,"template":"","format":"standard","meta":{"footnotes":""},"categories":[1157],"tags":[],"class_list":["post-2958009","post","type-post","status-publish","format-standard","has-post-thumbnail","hentry","category-nacionales-conade-2023"],"_links":{"self":[{"href":"https:\/\/agpnoticias.com\/news\/index.php?rest_route=\/wp\/v2\/posts\/2958009","targetHints":{"allow":["GET"]}}],"collection":[{"href":"https:\/\/agpnoticias.com\/news\/index.php?rest_route=\/wp\/v2\/posts"}],"about":[{"href":"https:\/\/agpnoticias.com\/news\/index.php?rest_route=\/wp\/v2\/types\/post"}],"author":[{"embeddable":true,"href":"https:\/\/agpnoticias.com\/news\/index.php?rest_route=\/wp\/v2\/users\/1"}],"replies":[{"embeddable":true,"href":"https:\/\/agpnoticias.com\/news\/index.php?rest_route=%2Fwp%2Fv2%2Fcomments&post=2958009"}],"version-history":[{"count":1,"href":"https:\/\/agpnoticias.com\/news\/index.php?rest_route=\/wp\/v2\/posts\/2958009\/revisions"}],"predecessor-version":[{"id":2958012,"href":"https:\/\/agpnoticias.com\/news\/index.php?rest_route=\/wp\/v2\/posts\/2958009\/revisions\/2958012"}],"wp:featuredmedia":[{"embeddable":true,"href":"https:\/\/agpnoticias.com\/news\/index.php?rest_route=\/wp\/v2\/media\/2958011"}],"wp:attachment":[{"href":"https:\/\/agpnoticias.com\/news\/index.php?rest_route=%2Fwp%2Fv2%2Fmedia&parent=2958009"}],"wp:term":[{"taxonomy":"category","embeddable":true,"href":"https:\/\/agpnoticias.com\/news\/index.php?rest_route=%2Fwp%2Fv2%2Fcategories&post=2958009"},{"taxonomy":"post_tag","embeddable":true,"href":"https:\/\/agpnoticias.com\/news\/index.php?rest_route=%2Fwp%2Fv2%2Ftags&post=2958009"}],"curies":[{"name":"wp","href":"https:\/\/api.w.org\/{rel}","templated":true}]}}