{"id":2958365,"date":"2023-06-16T22:38:53","date_gmt":"2023-06-17T05:38:53","guid":{"rendered":"https:\/\/agpnoticias.com\/news\/?p=2958365"},"modified":"2023-06-16T22:38:53","modified_gmt":"2023-06-17T05:38:53","slug":"fallece-eligio-valencia-roque-dueno-del-diario-el-mexicano","status":"publish","type":"post","link":"https:\/\/agpnoticias.com\/news\/?p=2958365","title":{"rendered":"Fallece Eligio Valencia Roque, due\u00f1o del diario El Mexicano"},"content":{"rendered":"\n<p><span>Tijuana, Baja California.- Eligio Valencia Roque, dirigente durante muchos a\u00f1os de la Confederaci\u00f3n de Trabajadores de M\u00e9xico (CTM), ex diputado local, ex regidor del municipio de Tijuana y empresario de medios de informaci\u00f3n, muri\u00f3 esta tarde a la edad de 82 a\u00f1os.<\/span><\/p>\n<p><span>El deceso, aunque no se especifican los motivos, fue confirmado por familiares y amigos; quienes mediante redes sociales expresan su p\u00e9same a hijos y nietos del dirigente sindical.<\/span><\/p>\n<p><span>Oriundo de Michoac\u00e1n, donde naci\u00f3 el 20 de agosto de 1940, Valencia Roque trabaj\u00f3 como linotipista en el peri\u00f3dico El Mexicano, de edici\u00f3n estatal, donde lleg\u00f3 a la direcci\u00f3n general; realizando actividades alternas en la dirigencia sindical, como en pol\u00edtica como militante del Partido Revolucionario Institucional (PRI), lo que le ocupar\u00e1 cargos como la diputaci\u00f3n estatal y la regidur\u00eda.<\/span><\/p>\n<p><span>En septiembre de 2022, Valencia Roque fue electo, de nuevo, como secretario general de la CTM estatal, para desempe\u00f1ar el cargo hasta septiembre del a\u00f1o 2028.<\/span><\/p>\n<p>con informaci\u00f3n de AFN Tijuana\u00a0<\/p>\n","protected":false},"excerpt":{"rendered":"","protected":false},"author":1,"featured_media":2958366,"comment_status":"closed","ping_status":"","sticky":false,"template":"","format":"standard","meta":{"footnotes":""},"categories":[1],"tags":[],"class_list":["post-2958365","post","type-post","status-publish","format-standard","has-post-thumbnail","hentry","category-uncategorized"],"_links":{"self":[{"href":"https:\/\/agpnoticias.com\/news\/index.php?rest_route=\/wp\/v2\/posts\/2958365","targetHints":{"allow":["GET"]}}],"collection":[{"href":"https:\/\/agpnoticias.com\/news\/index.php?rest_route=\/wp\/v2\/posts"}],"about":[{"href":"https:\/\/agpnoticias.com\/news\/index.php?rest_route=\/wp\/v2\/types\/post"}],"author":[{"embeddable":true,"href":"https:\/\/agpnoticias.com\/news\/index.php?rest_route=\/wp\/v2\/users\/1"}],"replies":[{"embeddable":true,"href":"https:\/\/agpnoticias.com\/news\/index.php?rest_route=%2Fwp%2Fv2%2Fcomments&post=2958365"}],"version-history":[{"count":1,"href":"https:\/\/agpnoticias.com\/news\/index.php?rest_route=\/wp\/v2\/posts\/2958365\/revisions"}],"predecessor-version":[{"id":2958368,"href":"https:\/\/agpnoticias.com\/news\/index.php?rest_route=\/wp\/v2\/posts\/2958365\/revisions\/2958368"}],"wp:featuredmedia":[{"embeddable":true,"href":"https:\/\/agpnoticias.com\/news\/index.php?rest_route=\/wp\/v2\/media\/2958366"}],"wp:attachment":[{"href":"https:\/\/agpnoticias.com\/news\/index.php?rest_route=%2Fwp%2Fv2%2Fmedia&parent=2958365"}],"wp:term":[{"taxonomy":"category","embeddable":true,"href":"https:\/\/agpnoticias.com\/news\/index.php?rest_route=%2Fwp%2Fv2%2Fcategories&post=2958365"},{"taxonomy":"post_tag","embeddable":true,"href":"https:\/\/agpnoticias.com\/news\/index.php?rest_route=%2Fwp%2Fv2%2Ftags&post=2958365"}],"curies":[{"name":"wp","href":"https:\/\/api.w.org\/{rel}","templated":true}]}}