{"id":2958489,"date":"2023-06-19T10:37:45","date_gmt":"2023-06-19T17:37:45","guid":{"rendered":"https:\/\/agpnoticias.com\/news\/?p=2958489"},"modified":"2023-06-19T11:00:27","modified_gmt":"2023-06-19T18:00:27","slug":"el-que-sigue-ya-corrieron-a-cocca-jimmy-lozano-interino-en-la-copa-oro","status":"publish","type":"post","link":"https:\/\/agpnoticias.com\/news\/?p=2958489","title":{"rendered":"El que sigue: Ya corrieron a Cocca; Jimmy Lozano interino en la Copa Oro"},"content":{"rendered":"\n\n\n<p>Ciudad de M\u00e9xico.- Juan Carlos Rodr\u00edguez, titular de la Federaci\u00f3n Mexicana de Futbol, anunci\u00f3 el despido de Diego Cocca como seleccionador nacional y el interinato que estar\u00e1 a cargo de Jaime Lozano.<\/p>\n<p>\u201cEs una etapa viciada por la toma de decisiones, rigor y transparencia en los nombramientos y por las malas costumbres. Lo natural era esperar al final de la Copa Oro, pero no es posible en esta tormenta perfecta\u201d, se\u00f1al\u00f3 <em>La Bomba<\/em> a trav\u00e9s de un video publicado en las plataformas del organismo.<\/p>\n<p>Y argument\u00f3 que la decisi\u00f3n se da en base a la goleada de 3-0 ante Estados Unidos en la final de la Nations League.<\/p>\n<p>\u201cUn partido contra Estados Unidos se puede perder, siempre existe este riesgo porque esto es futbol, y el triunfo se va de un lado o del otro. Lo que no se puede aceptar es la forma en la que sucedi\u00f3. Se renunci\u00f3 a ganar desde el primer momento con decisiones de log\u00edstica que friccionaron al grupo\u201d, se\u00f1al\u00f3.<\/p>\n<p>Tambi\u00e9n sale Rodrigo Ares de Parga como responsable de selecciones nacionales.<\/p>\n<p>M\u00e9xico debutar\u00e1 el domingo contra Honduras en la Copa Oro.<\/p>\n<p><iframe title=\"\u00a1DIEGO COCCA EST\u00c1 FUERA DE LA SELECCI\u00d3N MEXICANA; JAIME LOZANO TOMAR\u00c1 EL CARGO! |\u00a0TUDN\" width=\"640\" height=\"360\" src=\"https:\/\/www.youtube.com\/embed\/zMmm9kBkUSE?feature=oembed\" frameborder=\"0\" allow=\"accelerometer; autoplay; clipboard-write; encrypted-media; gyroscope; picture-in-picture; web-share\" referrerpolicy=\"strict-origin-when-cross-origin\" allowfullscreen><\/iframe><\/p>\n","protected":false},"excerpt":{"rendered":"","protected":false},"author":1,"featured_media":2958490,"comment_status":"closed","ping_status":"closed","sticky":false,"template":"","format":"video","meta":{"footnotes":""},"categories":[32,1144,1151,1152,1149],"tags":[595],"class_list":["post-2958489","post","type-post","status-publish","format-video","has-post-thumbnail","hentry","category-soccer","category-futbol-internacional","category-portada","category-editor-seleccion","category-seleccion-mexicana-2","tag-destacado","post_format-post-format-video"],"_links":{"self":[{"href":"https:\/\/agpnoticias.com\/news\/index.php?rest_route=\/wp\/v2\/posts\/2958489","targetHints":{"allow":["GET"]}}],"collection":[{"href":"https:\/\/agpnoticias.com\/news\/index.php?rest_route=\/wp\/v2\/posts"}],"about":[{"href":"https:\/\/agpnoticias.com\/news\/index.php?rest_route=\/wp\/v2\/types\/post"}],"author":[{"embeddable":true,"href":"https:\/\/agpnoticias.com\/news\/index.php?rest_route=\/wp\/v2\/users\/1"}],"replies":[{"embeddable":true,"href":"https:\/\/agpnoticias.com\/news\/index.php?rest_route=%2Fwp%2Fv2%2Fcomments&post=2958489"}],"version-history":[{"count":2,"href":"https:\/\/agpnoticias.com\/news\/index.php?rest_route=\/wp\/v2\/posts\/2958489\/revisions"}],"predecessor-version":[{"id":2958492,"href":"https:\/\/agpnoticias.com\/news\/index.php?rest_route=\/wp\/v2\/posts\/2958489\/revisions\/2958492"}],"wp:featuredmedia":[{"embeddable":true,"href":"https:\/\/agpnoticias.com\/news\/index.php?rest_route=\/wp\/v2\/media\/2958490"}],"wp:attachment":[{"href":"https:\/\/agpnoticias.com\/news\/index.php?rest_route=%2Fwp%2Fv2%2Fmedia&parent=2958489"}],"wp:term":[{"taxonomy":"category","embeddable":true,"href":"https:\/\/agpnoticias.com\/news\/index.php?rest_route=%2Fwp%2Fv2%2Fcategories&post=2958489"},{"taxonomy":"post_tag","embeddable":true,"href":"https:\/\/agpnoticias.com\/news\/index.php?rest_route=%2Fwp%2Fv2%2Ftags&post=2958489"}],"curies":[{"name":"wp","href":"https:\/\/api.w.org\/{rel}","templated":true}]}}