{"id":2958581,"date":"2023-06-21T21:56:59","date_gmt":"2023-06-22T04:56:59","guid":{"rendered":"https:\/\/agpnoticias.com\/news\/?p=2958581"},"modified":"2023-06-21T21:57:01","modified_gmt":"2023-06-22T04:57:01","slug":"claudia-sheinbaum-visitara-baja-california","status":"publish","type":"post","link":"https:\/\/agpnoticias.com\/news\/?p=2958581","title":{"rendered":"Claudia Sheinbaum visitar\u00e1 Baja California"},"content":{"rendered":"\n<p><span style=\"font-size: revert;\">Tijuana, Baja California.- Este jueves 22 de Junio, la ex Jefa de Gobierno, Claudia Sheinbaum Pardo estar\u00e1 presente en nuestro Baja California.<\/span><\/p>\n<p>Con una agenda de asambleas informativas para los municipios de Tijuana y Mexicali, la Dra. Sheinbaum vuelve a nuestro Estado para continuar con su labor durante el proceso de definici\u00f3n de la Coordinaci\u00f3n de Defensa de la 4T, en el norte del Pa\u00eds.<\/p>\n","protected":false},"excerpt":{"rendered":"","protected":false},"author":1,"featured_media":2958582,"comment_status":"closed","ping_status":"closed","sticky":false,"template":"","format":"standard","meta":{"footnotes":""},"categories":[1],"tags":[],"class_list":["post-2958581","post","type-post","status-publish","format-standard","has-post-thumbnail","hentry","category-uncategorized"],"_links":{"self":[{"href":"https:\/\/agpnoticias.com\/news\/index.php?rest_route=\/wp\/v2\/posts\/2958581","targetHints":{"allow":["GET"]}}],"collection":[{"href":"https:\/\/agpnoticias.com\/news\/index.php?rest_route=\/wp\/v2\/posts"}],"about":[{"href":"https:\/\/agpnoticias.com\/news\/index.php?rest_route=\/wp\/v2\/types\/post"}],"author":[{"embeddable":true,"href":"https:\/\/agpnoticias.com\/news\/index.php?rest_route=\/wp\/v2\/users\/1"}],"replies":[{"embeddable":true,"href":"https:\/\/agpnoticias.com\/news\/index.php?rest_route=%2Fwp%2Fv2%2Fcomments&post=2958581"}],"version-history":[{"count":1,"href":"https:\/\/agpnoticias.com\/news\/index.php?rest_route=\/wp\/v2\/posts\/2958581\/revisions"}],"predecessor-version":[{"id":2958583,"href":"https:\/\/agpnoticias.com\/news\/index.php?rest_route=\/wp\/v2\/posts\/2958581\/revisions\/2958583"}],"wp:featuredmedia":[{"embeddable":true,"href":"https:\/\/agpnoticias.com\/news\/index.php?rest_route=\/wp\/v2\/media\/2958582"}],"wp:attachment":[{"href":"https:\/\/agpnoticias.com\/news\/index.php?rest_route=%2Fwp%2Fv2%2Fmedia&parent=2958581"}],"wp:term":[{"taxonomy":"category","embeddable":true,"href":"https:\/\/agpnoticias.com\/news\/index.php?rest_route=%2Fwp%2Fv2%2Fcategories&post=2958581"},{"taxonomy":"post_tag","embeddable":true,"href":"https:\/\/agpnoticias.com\/news\/index.php?rest_route=%2Fwp%2Fv2%2Ftags&post=2958581"}],"curies":[{"name":"wp","href":"https:\/\/api.w.org\/{rel}","templated":true}]}}