{"id":2958591,"date":"2023-06-21T23:16:00","date_gmt":"2023-06-22T06:16:00","guid":{"rendered":"https:\/\/agpnoticias.com\/news\/?p=2958591"},"modified":"2023-06-22T12:16:28","modified_gmt":"2023-06-22T19:16:28","slug":"jardine-ya-declara-como-tecnico-del-america","status":"publish","type":"post","link":"https:\/\/agpnoticias.com\/news\/?p=2958591","title":{"rendered":"Jardine ya declara como t\u00e9cnico del Am\u00e9rica"},"content":{"rendered":"\n\n\n<p>Ciudad de M\u00e9xico.- Andr\u00e9 Jardine fue presentado este mi\u00e9rcoles como entrenador del Am\u00e9rica.<\/p>\n<p>Y junto al responsable de su contrataci\u00f3n, Santiago Ba\u00f1os, el ganador de la medalla de oro ol\u00edmpica en Tokio con Brasil, expres\u00f3 con las siguientes citas sus impresiones al tomar el cargo, procedente del Atl\u00e9tico de San Luis.<\/p>\n<p><a href=\"https:\/\/agpnoticias.com\/news\/wp-content\/uploads\/2023\/06\/Jardine1.jpeg\"><img fetchpriority=\"high\" decoding=\"async\" class=\"aligncenter size-full wp-image-2958593\" src=\"https:\/\/agpnoticias.com\/news\/wp-content\/uploads\/2023\/06\/Jardine1-e1687461353949.jpeg\" alt=\"\" width=\"800\" height=\"1027\" \/><\/a> <a href=\"https:\/\/agpnoticias.com\/news\/wp-content\/uploads\/2023\/06\/Jardine2.jpeg\"><img decoding=\"async\" class=\"aligncenter size-full wp-image-2958594\" src=\"https:\/\/agpnoticias.com\/news\/wp-content\/uploads\/2023\/06\/Jardine2-e1687461342641.jpeg\" alt=\"\" width=\"800\" height=\"1027\" \/><\/a> <a href=\"https:\/\/agpnoticias.com\/news\/wp-content\/uploads\/2023\/06\/Jaridne3.jpeg\"><img decoding=\"async\" class=\"aligncenter size-full wp-image-2958595\" src=\"https:\/\/agpnoticias.com\/news\/wp-content\/uploads\/2023\/06\/Jaridne3-e1687461332738.jpeg\" alt=\"\" width=\"800\" height=\"1027\" \/><\/a><\/p>\n","protected":false},"excerpt":{"rendered":"","protected":false},"author":1,"featured_media":2958592,"comment_status":"closed","ping_status":"closed","sticky":false,"template":"","format":"standard","meta":{"footnotes":""},"categories":[32,1081,1151],"tags":[907],"class_list":["post-2958591","post","type-post","status-publish","format-standard","has-post-thumbnail","hentry","category-soccer","category-liga-mx","category-portada","tag-tendencia"],"_links":{"self":[{"href":"https:\/\/agpnoticias.com\/news\/index.php?rest_route=\/wp\/v2\/posts\/2958591","targetHints":{"allow":["GET"]}}],"collection":[{"href":"https:\/\/agpnoticias.com\/news\/index.php?rest_route=\/wp\/v2\/posts"}],"about":[{"href":"https:\/\/agpnoticias.com\/news\/index.php?rest_route=\/wp\/v2\/types\/post"}],"author":[{"embeddable":true,"href":"https:\/\/agpnoticias.com\/news\/index.php?rest_route=\/wp\/v2\/users\/1"}],"replies":[{"embeddable":true,"href":"https:\/\/agpnoticias.com\/news\/index.php?rest_route=%2Fwp%2Fv2%2Fcomments&post=2958591"}],"version-history":[{"count":1,"href":"https:\/\/agpnoticias.com\/news\/index.php?rest_route=\/wp\/v2\/posts\/2958591\/revisions"}],"predecessor-version":[{"id":2958596,"href":"https:\/\/agpnoticias.com\/news\/index.php?rest_route=\/wp\/v2\/posts\/2958591\/revisions\/2958596"}],"wp:featuredmedia":[{"embeddable":true,"href":"https:\/\/agpnoticias.com\/news\/index.php?rest_route=\/wp\/v2\/media\/2958592"}],"wp:attachment":[{"href":"https:\/\/agpnoticias.com\/news\/index.php?rest_route=%2Fwp%2Fv2%2Fmedia&parent=2958591"}],"wp:term":[{"taxonomy":"category","embeddable":true,"href":"https:\/\/agpnoticias.com\/news\/index.php?rest_route=%2Fwp%2Fv2%2Fcategories&post=2958591"},{"taxonomy":"post_tag","embeddable":true,"href":"https:\/\/agpnoticias.com\/news\/index.php?rest_route=%2Fwp%2Fv2%2Ftags&post=2958591"}],"curies":[{"name":"wp","href":"https:\/\/api.w.org\/{rel}","templated":true}]}}