{"id":2958604,"date":"2023-06-22T12:57:33","date_gmt":"2023-06-22T19:57:33","guid":{"rendered":"https:\/\/agpnoticias.com\/news\/?p=2958604"},"modified":"2023-06-22T12:57:35","modified_gmt":"2023-06-22T19:57:35","slug":"van-32-bajacalifornianos-por-mexico-a-jcc","status":"publish","type":"post","link":"https:\/\/agpnoticias.com\/news\/?p=2958604","title":{"rendered":"Van 32 bajacalifornianos por M\u00e9xico a JCC"},"content":{"rendered":"\n\n\n<p>Ensenada, Baja California.- Los talentos de Baja California est\u00e1n listos para representar a M\u00e9xico y al Estado 29 en una nueva edici\u00f3n de los Juegos Centroamericanos y del Caribe que se realizan este mismo a\u00f1o 2023 en San Salvador, El Salvador y donde deportistas del norte y Centroam\u00e9rica del continente americano se dar\u00e1n cita para colocar el nombre de su pa\u00eds en todo lo alto del podio.<\/p>\n<p><a href=\"https:\/\/agpnoticias.com\/news\/wp-content\/uploads\/2023\/06\/JCC1.jpeg\"><img fetchpriority=\"high\" decoding=\"async\" class=\"aligncenter size-full wp-image-2958606\" src=\"https:\/\/agpnoticias.com\/news\/wp-content\/uploads\/2023\/06\/JCC1-e1687463803915.jpeg\" alt=\"\" width=\"800\" height=\"800\" srcset=\"https:\/\/agpnoticias.com\/news\/wp-content\/uploads\/2023\/06\/JCC1-e1687463803915.jpeg 800w, https:\/\/agpnoticias.com\/news\/wp-content\/uploads\/2023\/06\/JCC1-e1687463803915-400x400.jpeg 400w, https:\/\/agpnoticias.com\/news\/wp-content\/uploads\/2023\/06\/JCC1-e1687463803915-300x300.jpeg 300w\" sizes=\"(max-width: 800px) 100vw, 800px\" \/><\/a><\/p>\n<p>Al momento, son 32 atletas bajacalifornianos que formar\u00e1n parte de la fiesta deportiva caribe\u00f1a que tendr\u00e1 como fecha de apertura el 23 de junio de 2023 y su clausura se llevar\u00e1 a cabo el 8 de julio en el Estadio Nacional Jorge \u2018El M\u00e1gico\u2019 Gonz\u00e1lez.<\/p>\n<p>Liderando a los deportistas de Baja California, sin duda, la cachanilla y abanderada del representativo mexicano, Alexa Moreno, buscar\u00e1 junto a los porte\u00f1os, Natalia Escalera C\u00e1rdenas e Isaac N\u00fa\u00f1ez Farf\u00e1n, obtener medallas en la Gimnasia Art\u00edstica de la justa deportiva.<\/p>\n<p><a href=\"https:\/\/agpnoticias.com\/news\/wp-content\/uploads\/2023\/06\/JCC3-e1687463821329.jpg\"><img decoding=\"async\" class=\"aligncenter size-full wp-image-2958608\" src=\"https:\/\/agpnoticias.com\/news\/wp-content\/uploads\/2023\/06\/JCC3-e1687463821329.jpg\" alt=\"\" width=\"800\" height=\"533\" \/><\/a><\/p>\n<p>Por su parte, las campeonas del mundo, Leslie Soltero y Daniela Souza, tambi\u00e9n tienen grandes posibilidades de salir airosas en sus combates, demostrando que el taekwondo de Baja California es potencia internacional. <\/p>\n<p>Otra pareja de talentosas atletas son las canoistas, Stephanie Rodr\u00edguez y Nicol Guzm\u00e1n, quienes tienen el objetivo de remar hacia las medallas de la fiesta deportiva centroamericana. Y si hablamos de remar, nadie como el campe\u00f3n del mundo bajo techo, Alexis L\u00f3pez Garc\u00eda, para demostrar que la escuela de Remo del Instituto del Deporte y la Cultura F\u00edsica de Baja California y su entrenador en jefe, de origen cubano, Jos\u00e9 Manuel Loyola, sigue vigente.<\/p>\n<p>La nataci\u00f3n de Baja California tambi\u00e9n tendr\u00e1 representaci\u00f3n con los nombres de Maximiliano Vega y Diego Camacho, quienes recientemente se cansaron de ganar medallas en los Nacionales CONADE 2023 en su preparaci\u00f3n rumbo a los Centroamericanos. Adem\u00e1s, la medallista de oro en los Juegos Centroamericanos de Mar y Playa 2022, en la prueba de tres kil\u00f3metros de aguas abiertas por M\u00e9xico, Martha Roc\u00edo Sandoval, dir\u00e1 presente en la lucha por las medallas.<\/p>\n<p><a href=\"https:\/\/agpnoticias.com\/news\/wp-content\/uploads\/2023\/06\/JCC2-e1687463843816.jpeg\"><img decoding=\"async\" class=\"aligncenter size-full wp-image-2958607\" src=\"https:\/\/agpnoticias.com\/news\/wp-content\/uploads\/2023\/06\/JCC2-e1687463843816.jpeg\" alt=\"\" width=\"800\" height=\"581\" \/><\/a><\/p>\n<p>Pero eso no es todo, ya que los grandes exponentes de la esgrima nacional, Natalia Botello y Diego Cervantes, tambi\u00e9n estar\u00e1n en el mencionado evento, y quieren seguir demostrando su calidad internacional, en una competencia que se presta para lograr medallas. <\/p>\n<p>En el a\u00f1o 2018, los Juegos Centroamericanos se llevaron a cabo en Barranquilla, Colombia, donde M\u00e9xico fue el primer lugar del medallero con un total de 341 preseas (132 de oro, 118 de plata y 91 de bronce). El segundo lugar lo ocup\u00f3 Cuba con 242 medallas y el tercero fue para el anfitri\u00f3n con 270 medallas.<\/p>\n<p><strong>BAJA CALIFORNIANOS QUE ASISITIR\u00c1N A JUEGOS CENTROAMERICANOS Y DEL CARIBE 2023<\/strong><br \/><strong>ATLETA DEPORTE ENTRENADOR MUNICIPIO<\/strong><br \/>1 Martha Roc\u00edo Sandoval Ayala\/Aguas abiertas\/Paulo Salas Reynoso\/Mexicali <br \/>2 David Alberto Carre\u00f3n Mart\u00ednez\/ Atletismo\/ Mar\u00eda Castro Chongo\/ Mexicali <br \/>3 Alma Patricia Pollorena Figueroa\/ Atletismo\/ Mar\u00eda Castro Chongo\/ Mexicali <br \/>4 Lilian Borja P\u00e9rez\/ Atletismo\/ Carlos Cruz Delgado\/ Tijuana <br \/>5 Stephanie Rodr\u00edguez Guzm\u00e1n\/ Canotaje\/ H\u00e9ctor Depestre Olivas\/ Tijuana <br \/>6 Nicol Guzm\u00e1n Pimentel\/ Canotaje\/ H\u00e9ctor Depestre Olivas\/ Tijuana <br \/>7 Diego Alekce Cervantes L\u00f3pez\/ Esgrima\/ Maiquel Rodr\u00edguez\/ Mexicali <br \/>8 Natalia Botello Cervantes\/ Esgrima\/ Santiago Bola\u00f1o\/ Tijuana <br \/>9 Victoria Meza Oceguera\/ Esgrima\/ Maiquel Rodr\u00edguez\/ Mexicali <br \/>10 Ulises Garrik Soto Urtuzuastegui\/ Esgrima\/ Boris Mart\u00ednez\/ Tijuana <br \/>11 Julieta Isabel Toledo Ames\/ Esgrima\/ Alain Tandron\/ Tijuana <br \/>12 Natalia Isabel Escalera C\u00e1rdenas\/ Gimnasia Art. Fem. \/ Pavel Oceguera\/ Ensenada <br \/>13 Cassandra Loustalot Gonz\u00e1lez\/ Gimnasia Art. Fem. \/ Luis Sosa\/ Ensenada <br \/>14 Alexa Citallli Moreno Medina\/ Gimnasia Art. Fem. \/ Aldo Torres\/ Mexicali <br \/>15 Isaac N\u00fa\u00f1ez Farf\u00e1n\/ Gimnasia Art. Var. \/ Luis Sosa\/ Ensenada <br \/>16 Rodrigo G\u00f3mez Grosso\/ Gimnasia Art. Var. \/ Luis Sosa\/ Ensenada <br \/>17 H\u00e9ctor Alejandro P\u00e9rez L\u00f3pez\/ Handball\/ CNAR\/ Tijuana <br \/>18 Alexander Sebasti\u00e1n Sandoval Palma\/ Hockey S\/Pasto\/ Andrea Burciaga\/ Mexicali <br \/>19 Andr\u00e9 Israel Benedith Burciaga\/ Hockey S\/Pasto\/ Andrea Burciaga\/ Mexicali <br \/>20 Oscar Israel Copado Jim\u00e9nez\/ Hockey S\/Pasto\/ Andrea Burciaga\/ Mexicali <br \/>21 Luis Xavier Ortiz L\u00f3pez\/ Hockey S\/Pasto\/ Andrea Burciaga\/ Mexicali <br \/>22 Dafne Valeria Guti\u00e9rrez Irigoyen\/ Hockey S\/Pasto\/ Andrea Burciaga\/ Mexicali <br \/>23 Valeria Naomi Espinoza V\u00e1zquez\/ Hockey S\/Pasto\/ Andrea Burciaga\/ Mexicali <br \/>24 Jos\u00e9 Armando Luque S\u00e1nchez\/ Karate\/ Rams\u00e9s Rodr\u00edguez\/ Ensenada <br \/>25 Diego Camacho Salgado\/ Nataci\u00f3n\/ Ra\u00fal Palma\/ Tijuana <br \/>26 Maximiliano Vega Cuevas\/ Nataci\u00f3n\/ Erick Galv\u00e1n\/ Tijuana <br \/>27 Alexis Bladimir L\u00f3pez Garc\u00eda\/ Remo\/ Jos\u00e9 Loyola San Felipe <br \/>28 Jordan Solorio Vega\/ Softbol\/ Mexicali <br \/>29 Edgar Daniel L\u00f3pez Delgado\/ Softbol\/ Mexicali <br \/>30 Marco Antonio Gonz\u00e1lez Rubio\/ Softbol\/ Tijuana <br \/>31 Leslie Xcar\u00e9t Soltero Garc\u00eda\/ Taekwondo\/ David Davis\/ Mexicali <br \/>32 Daniela Paola Souza Naranjo\/ Taekwondo\/ Abel Mendoza\/ Tijuana<\/p>\n<p><em>Informaci\u00f3n: INDEBC.<\/em><\/p>\n","protected":false},"excerpt":{"rendered":"","protected":false},"author":1,"featured_media":2958605,"comment_status":"closed","ping_status":"closed","sticky":false,"template":"","format":"standard","meta":{"footnotes":""},"categories":[73,1151],"tags":[907],"class_list":["post-2958604","post","type-post","status-publish","format-standard","has-post-thumbnail","hentry","category-deportebajacalifornia","category-portada","tag-tendencia"],"_links":{"self":[{"href":"https:\/\/agpnoticias.com\/news\/index.php?rest_route=\/wp\/v2\/posts\/2958604","targetHints":{"allow":["GET"]}}],"collection":[{"href":"https:\/\/agpnoticias.com\/news\/index.php?rest_route=\/wp\/v2\/posts"}],"about":[{"href":"https:\/\/agpnoticias.com\/news\/index.php?rest_route=\/wp\/v2\/types\/post"}],"author":[{"embeddable":true,"href":"https:\/\/agpnoticias.com\/news\/index.php?rest_route=\/wp\/v2\/users\/1"}],"replies":[{"embeddable":true,"href":"https:\/\/agpnoticias.com\/news\/index.php?rest_route=%2Fwp%2Fv2%2Fcomments&post=2958604"}],"version-history":[{"count":1,"href":"https:\/\/agpnoticias.com\/news\/index.php?rest_route=\/wp\/v2\/posts\/2958604\/revisions"}],"predecessor-version":[{"id":2958609,"href":"https:\/\/agpnoticias.com\/news\/index.php?rest_route=\/wp\/v2\/posts\/2958604\/revisions\/2958609"}],"wp:featuredmedia":[{"embeddable":true,"href":"https:\/\/agpnoticias.com\/news\/index.php?rest_route=\/wp\/v2\/media\/2958605"}],"wp:attachment":[{"href":"https:\/\/agpnoticias.com\/news\/index.php?rest_route=%2Fwp%2Fv2%2Fmedia&parent=2958604"}],"wp:term":[{"taxonomy":"category","embeddable":true,"href":"https:\/\/agpnoticias.com\/news\/index.php?rest_route=%2Fwp%2Fv2%2Fcategories&post=2958604"},{"taxonomy":"post_tag","embeddable":true,"href":"https:\/\/agpnoticias.com\/news\/index.php?rest_route=%2Fwp%2Fv2%2Ftags&post=2958604"}],"curies":[{"name":"wp","href":"https:\/\/api.w.org\/{rel}","templated":true}]}}