{"id":2958686,"date":"2023-06-23T19:07:33","date_gmt":"2023-06-24T02:07:33","guid":{"rendered":"https:\/\/agpnoticias.com\/news\/?p=2958686"},"modified":"2023-06-23T19:07:35","modified_gmt":"2023-06-24T02:07:35","slug":"listo-isaac-nunez-para-iniciar-competencias-en-los-juegos-centroamericanos-y-del-caribe-2023","status":"publish","type":"post","link":"https:\/\/agpnoticias.com\/news\/?p=2958686","title":{"rendered":"Listo Isaac N\u00fa\u00f1ez para iniciar competencias en los Juegos Centroamericanos y del Caribe 2023"},"content":{"rendered":"\n<p><span style=\"font-size: revert;\">Ensenada, Baja California . \u2013 El bajacaliforniano y campe\u00f3n nacional de Gimnasia Art\u00edstica Varonil, Isaac N\u00fa\u00f1ez Farf\u00e1n, est\u00e1 listo para enfrentar este 24 de junio un evento internacional m\u00e1s en su brillante carrera deportiva.\u00a0<\/span><\/p>\n<p>Despu\u00e9s de que el ensenadense lograra en el mes de abril meterse a las finales de barras paralelas y barra fija en la Copa del Mundo de Gimnasia Art\u00edstica en El Cairo y semanas despu\u00e9s un quinto lugar en el all around individual del Campeonato Panamericano 2023, el gimnasta se encuentra en San Salvador con el objetivo de luchar por medallas en los XXIV Juegos Deportivos Centroamericanos y del Caribe San Salvador 2023. <br \/>\u201cMe siento muy bien la verdad, la preparaci\u00f3n ha sido muy fuerte pero provechosa, estuvimos haciendo controles t\u00e9cnicos continuamente y concentrados en el Centro Nacional de Alto Rendimiento buscando llegar a Centroamericanos en \u00f3ptimas condiciones\u201d, coment\u00f3 Isaac N\u00fa\u00f1ez. <br \/>Sin embargo, el proceso competitivo actual no ha sido f\u00e1cil para el porte\u00f1o, pues tuvo que someterse a cirug\u00eda tras ver mermada su participaci\u00f3n en el pasado Campeonato del Mundo de Gimnasia Art\u00edstica de Liverpool 2022 por una ruptura en el dedo, sufrida en el mismo evento.<br \/>\u201cSuperar la lesi\u00f3n fue muy complicado, la verdad que si he sufrido y me ha costado mucho pero el querer estar y querer conseguir cosas grandes es lo que me hace levantarme y seguir adelante. Mi objetivo principal es mantenerme sano para poder realizar mis aparatos como tienen que ser, subir d\u00e9cimas en algunos aparatos, competir en las finales y buscar en el mundial la clasificaci\u00f3n a Juegos Ol\u00edmpicos de Paris 2024\u201d, se\u00f1al\u00f3 el gimnasta bajacaliforniano.<br \/>La selecci\u00f3n de Gimnasia Art\u00edstica Mexicana que incluye a los bajacalifornianos, Alexa moreno, Natalia Escalera, Cassandra Loustalot, Rodrigo G\u00f3mez e Isaac N\u00fa\u00f1ez Farf\u00e1n, realizan este viernes entrenamientos de p\u00f3dium y el s\u00e1bado 24 sus competencias. <br \/>Con las disciplinas de voleibol de playa, gimnasia art\u00edstica y tenis de mesa comenzaron los Juegos Centroamericanos el mi\u00e9rcoles, dos d\u00edas antes de la inauguraci\u00f3n oficial en el Estadio Nacional Jorge \u00abM\u00e1gico\u00bb Gonz\u00e1lez, en la capital salvadore\u00f1a. Los eventos de gimnasia art\u00edstica se llevan a cabo en el complejo deportivo Ciudad Merliot.<\/p>\n","protected":false},"excerpt":{"rendered":"","protected":false},"author":1,"featured_media":2958687,"comment_status":"closed","ping_status":"closed","sticky":false,"template":"","format":"standard","meta":{"footnotes":""},"categories":[46,1152],"tags":[],"class_list":["post-2958686","post","type-post","status-publish","format-standard","has-post-thumbnail","hentry","category-gimnasia","category-editor-seleccion"],"_links":{"self":[{"href":"https:\/\/agpnoticias.com\/news\/index.php?rest_route=\/wp\/v2\/posts\/2958686","targetHints":{"allow":["GET"]}}],"collection":[{"href":"https:\/\/agpnoticias.com\/news\/index.php?rest_route=\/wp\/v2\/posts"}],"about":[{"href":"https:\/\/agpnoticias.com\/news\/index.php?rest_route=\/wp\/v2\/types\/post"}],"author":[{"embeddable":true,"href":"https:\/\/agpnoticias.com\/news\/index.php?rest_route=\/wp\/v2\/users\/1"}],"replies":[{"embeddable":true,"href":"https:\/\/agpnoticias.com\/news\/index.php?rest_route=%2Fwp%2Fv2%2Fcomments&post=2958686"}],"version-history":[{"count":1,"href":"https:\/\/agpnoticias.com\/news\/index.php?rest_route=\/wp\/v2\/posts\/2958686\/revisions"}],"predecessor-version":[{"id":2958688,"href":"https:\/\/agpnoticias.com\/news\/index.php?rest_route=\/wp\/v2\/posts\/2958686\/revisions\/2958688"}],"wp:featuredmedia":[{"embeddable":true,"href":"https:\/\/agpnoticias.com\/news\/index.php?rest_route=\/wp\/v2\/media\/2958687"}],"wp:attachment":[{"href":"https:\/\/agpnoticias.com\/news\/index.php?rest_route=%2Fwp%2Fv2%2Fmedia&parent=2958686"}],"wp:term":[{"taxonomy":"category","embeddable":true,"href":"https:\/\/agpnoticias.com\/news\/index.php?rest_route=%2Fwp%2Fv2%2Fcategories&post=2958686"},{"taxonomy":"post_tag","embeddable":true,"href":"https:\/\/agpnoticias.com\/news\/index.php?rest_route=%2Fwp%2Fv2%2Ftags&post=2958686"}],"curies":[{"name":"wp","href":"https:\/\/api.w.org\/{rel}","templated":true}]}}