{"id":2958713,"date":"2023-06-24T15:57:17","date_gmt":"2023-06-24T22:57:17","guid":{"rendered":"https:\/\/agpnoticias.com\/news\/?p=2958713"},"modified":"2023-06-24T15:57:19","modified_gmt":"2023-06-24T22:57:19","slug":"otro-ex-queretaro-a-xolos-el-central-rafael-fernandez-reforzara-la-defensa","status":"publish","type":"post","link":"https:\/\/agpnoticias.com\/news\/?p=2958713","title":{"rendered":"Otro ex Quer\u00e9taro a Xolos: El central Rafael Fern\u00e1ndez reforzar\u00e1 la defensa"},"content":{"rendered":"\n\n\n<p>Tijuana, Baja California.- Xolos de Tijuana present\u00f3 la incorporaci\u00f3n de Rafael Fern\u00e1ndez, quien se desempe\u00f1a como defensa central y llega procedente del Club Quer\u00e9taro.<\/p>\n<p><strong>Radiograf\u00eda Xoloitzcuintle:<\/strong><\/p>\n<p>Nombre: Rafael Eduardo Fern\u00e1ndez Inzunza.<br \/>Nacimiento: Culiac\u00e1n, Sinaloa. <br \/>Edad: 22 a\u00f1os.<br \/>Posici\u00f3n: Defensa central.<br \/>Estatura: 1.83 m.<br \/>Perfil: Derecho.<br \/>Clubes: Quer\u00e9taro y Dorados.<\/p>\n<p>Rafael busca seguirse consolidando en Primera Divisi\u00f3n tras dar un gran torneo con los Gallos Blancos, despertando el inter\u00e9s de la Selecci\u00f3n Mexicana por su actuaci\u00f3n destacada en la defensa.<\/p>\n<p>Fern\u00e1ndez es un jugador con fortaleza en el juego a\u00e9reo, marca muy de cerca a sus rivales y suele salir con bal\u00f3n controlado desde atr\u00e1s. El sinaloense ha realizado mayor parte de la pretemporada con el plantel fronterizo.<\/p>\n<p><em>Informaci\u00f3n: Club Tijuana Xoloitzcuintles de Caliente.<\/em><\/p>\n","protected":false},"excerpt":{"rendered":"","protected":false},"author":1,"featured_media":2958714,"comment_status":"closed","ping_status":"closed","sticky":false,"template":"","format":"standard","meta":{"footnotes":""},"categories":[32,1081,1151,17],"tags":[595],"class_list":["post-2958713","post","type-post","status-publish","format-standard","has-post-thumbnail","hentry","category-soccer","category-liga-mx","category-portada","category-xolos-de-tijuana","tag-destacado"],"_links":{"self":[{"href":"https:\/\/agpnoticias.com\/news\/index.php?rest_route=\/wp\/v2\/posts\/2958713","targetHints":{"allow":["GET"]}}],"collection":[{"href":"https:\/\/agpnoticias.com\/news\/index.php?rest_route=\/wp\/v2\/posts"}],"about":[{"href":"https:\/\/agpnoticias.com\/news\/index.php?rest_route=\/wp\/v2\/types\/post"}],"author":[{"embeddable":true,"href":"https:\/\/agpnoticias.com\/news\/index.php?rest_route=\/wp\/v2\/users\/1"}],"replies":[{"embeddable":true,"href":"https:\/\/agpnoticias.com\/news\/index.php?rest_route=%2Fwp%2Fv2%2Fcomments&post=2958713"}],"version-history":[{"count":1,"href":"https:\/\/agpnoticias.com\/news\/index.php?rest_route=\/wp\/v2\/posts\/2958713\/revisions"}],"predecessor-version":[{"id":2958715,"href":"https:\/\/agpnoticias.com\/news\/index.php?rest_route=\/wp\/v2\/posts\/2958713\/revisions\/2958715"}],"wp:featuredmedia":[{"embeddable":true,"href":"https:\/\/agpnoticias.com\/news\/index.php?rest_route=\/wp\/v2\/media\/2958714"}],"wp:attachment":[{"href":"https:\/\/agpnoticias.com\/news\/index.php?rest_route=%2Fwp%2Fv2%2Fmedia&parent=2958713"}],"wp:term":[{"taxonomy":"category","embeddable":true,"href":"https:\/\/agpnoticias.com\/news\/index.php?rest_route=%2Fwp%2Fv2%2Fcategories&post=2958713"},{"taxonomy":"post_tag","embeddable":true,"href":"https:\/\/agpnoticias.com\/news\/index.php?rest_route=%2Fwp%2Fv2%2Ftags&post=2958713"}],"curies":[{"name":"wp","href":"https:\/\/api.w.org\/{rel}","templated":true}]}}