{"id":2958717,"date":"2023-06-24T16:02:27","date_gmt":"2023-06-24T23:02:27","guid":{"rendered":"https:\/\/agpnoticias.com\/news\/?p=2958717"},"modified":"2023-06-24T16:06:47","modified_gmt":"2023-06-24T23:06:47","slug":"bajacaliforniana-alexa-moreno-porta-labaro-patrio-en-san-salvador","status":"publish","type":"post","link":"https:\/\/agpnoticias.com\/news\/?p=2958717","title":{"rendered":"Bajacaliforniana Alexa Moreno porta l\u00e1baro patrio en San Salvador"},"content":{"rendered":"\n<p><span style=\"font-size: revert;\">San Salvador, Salvador.- En medio de una colorida ceremonia inicial y un abarrotado Estadio Nacional Jorge \u00abEl M\u00e1gico\u00bb Gonz\u00e1lez, los XXIV Juegos Centroamericanos y del Caribe San Salvador 2023 quedaron oficialmente inaugurados, donde la inteligencia artificial y la m\u00fasica fueron los complementos para continuar con la justa que se realiza del 23 de junio al 8 de julio.<\/span><\/p>\n<p><a href=\"https:\/\/agpnoticias.com\/news\/wp-content\/uploads\/2023\/06\/a674c834-1a63-494d-8e6e-695442c471fd.jpeg\"><img fetchpriority=\"high\" decoding=\"async\" class=\"aligncenter size-full wp-image-2958720\" src=\"https:\/\/agpnoticias.com\/news\/wp-content\/uploads\/2023\/06\/a674c834-1a63-494d-8e6e-695442c471fd.jpeg\" alt=\"\" width=\"1200\" height=\"800\" srcset=\"https:\/\/agpnoticias.com\/news\/wp-content\/uploads\/2023\/06\/a674c834-1a63-494d-8e6e-695442c471fd.jpeg 1200w, https:\/\/agpnoticias.com\/news\/wp-content\/uploads\/2023\/06\/a674c834-1a63-494d-8e6e-695442c471fd-1024x683.jpeg 1024w\" sizes=\"(max-width: 1200px) 100vw, 1200px\" \/><\/a><\/p>\n<p>Las 37 delegaciones participantes desfilaron sobre la pista del emblem\u00e1tico recinto salvadore\u00f1o, el calor de su gente y su clima envolvieron el evento, donde M\u00e9xico encabez\u00f3 el desfile tras el campeonato obtenido en Barranquilla 2018, con la gimnasta Alexa Moreno y el halterista Jorge C\u00e1rdenas, quienes portaron nuestro l\u00e1baro patrio, en representaci\u00f3n de los 646 atletas que componen el contingente nacional.<br \/>El presidente de El Salvador, Nayib Bukele, exalt\u00f3 el reto y compromiso que represent\u00f3 albergar la justa regional y acondicionar la capital en un tiempo de a\u00f1o y medio, luego de que Panam\u00e1 desisti\u00f3 de la sede, a consecuente de las complicaciones derivadas de la pandemia por COVID-19.<br \/>El presidente de El Salvador, Nayib Bukele, exalt\u00f3 el reto y compromiso que represent\u00f3 albergar la justa regional y acondicionar la capital en un tiempo de a\u00f1o y medio, luego de que Panam\u00e1 desisti\u00f3 de la sede, a consecuente de las complicaciones derivadas de la pandemia por COVID-19.<br \/>Con su declaratoria inaugural y el encendido del Pebetero del Estadio Nacional Jorge \u00abEl M\u00e1gico\u00bb Gonz\u00e1lez, los XXIV Juegos Centroamericanos y del Caribe quedaron inaugurados, donde participan m\u00e1s de 5 mil atletas de 37 delegaciones.<\/p>\n","protected":false},"excerpt":{"rendered":"","protected":false},"author":1,"featured_media":2958718,"comment_status":"closed","ping_status":"closed","sticky":false,"template":"","format":"standard","meta":{"footnotes":""},"categories":[73,7,1151,1152],"tags":[],"class_list":["post-2958717","post","type-post","status-publish","format-standard","has-post-thumbnail","hentry","category-deportebajacalifornia","category-deportes","category-portada","category-editor-seleccion"],"_links":{"self":[{"href":"https:\/\/agpnoticias.com\/news\/index.php?rest_route=\/wp\/v2\/posts\/2958717","targetHints":{"allow":["GET"]}}],"collection":[{"href":"https:\/\/agpnoticias.com\/news\/index.php?rest_route=\/wp\/v2\/posts"}],"about":[{"href":"https:\/\/agpnoticias.com\/news\/index.php?rest_route=\/wp\/v2\/types\/post"}],"author":[{"embeddable":true,"href":"https:\/\/agpnoticias.com\/news\/index.php?rest_route=\/wp\/v2\/users\/1"}],"replies":[{"embeddable":true,"href":"https:\/\/agpnoticias.com\/news\/index.php?rest_route=%2Fwp%2Fv2%2Fcomments&post=2958717"}],"version-history":[{"count":1,"href":"https:\/\/agpnoticias.com\/news\/index.php?rest_route=\/wp\/v2\/posts\/2958717\/revisions"}],"predecessor-version":[{"id":2958721,"href":"https:\/\/agpnoticias.com\/news\/index.php?rest_route=\/wp\/v2\/posts\/2958717\/revisions\/2958721"}],"wp:featuredmedia":[{"embeddable":true,"href":"https:\/\/agpnoticias.com\/news\/index.php?rest_route=\/wp\/v2\/media\/2958718"}],"wp:attachment":[{"href":"https:\/\/agpnoticias.com\/news\/index.php?rest_route=%2Fwp%2Fv2%2Fmedia&parent=2958717"}],"wp:term":[{"taxonomy":"category","embeddable":true,"href":"https:\/\/agpnoticias.com\/news\/index.php?rest_route=%2Fwp%2Fv2%2Fcategories&post=2958717"},{"taxonomy":"post_tag","embeddable":true,"href":"https:\/\/agpnoticias.com\/news\/index.php?rest_route=%2Fwp%2Fv2%2Ftags&post=2958717"}],"curies":[{"name":"wp","href":"https:\/\/api.w.org\/{rel}","templated":true}]}}