{"id":2958742,"date":"2023-06-24T16:57:57","date_gmt":"2023-06-24T23:57:57","guid":{"rendered":"https:\/\/agpnoticias.com\/news\/?p=2958742"},"modified":"2023-06-24T17:00:39","modified_gmt":"2023-06-25T00:00:39","slug":"isaac-nunez-y-rodrigo-gomez-de-ensenada-contribuyen-al-oro-centroamericano-de-mexico","status":"publish","type":"post","link":"https:\/\/agpnoticias.com\/news\/?p=2958742","title":{"rendered":"Isaac N\u00fa\u00f1ez y Rodrigo G\u00f3mez, de Ensenada, contribuyen al oro centroamericano de M\u00e9xico"},"content":{"rendered":"\n\n\n<p>San Salvador, El Salvador.- Con la participaci\u00f3n de los bajacalifornianos, Isaac N\u00fa\u00f1ez Farf\u00e1n y Rodrigo G\u00f3mez, la selecci\u00f3n mexicana de Gimnasia Art\u00edstica Varonil logr\u00f3 la medalla de oro en el all around por equipos de los XXIV Juegos Deportivos Centroamericanos y del Caribe San Salvador 2023.<\/p>\n<p><a href=\"https:\/\/agpnoticias.com\/news\/wp-content\/uploads\/2023\/06\/Gimnasia4.jpeg\"><img fetchpriority=\"high\" decoding=\"async\" class=\"aligncenter size-full wp-image-2958748\" src=\"https:\/\/agpnoticias.com\/news\/wp-content\/uploads\/2023\/06\/Gimnasia4-e1687650943134.jpeg\" alt=\"\" width=\"800\" height=\"600\" \/><\/a><\/p>\n<p>El equipo que venci\u00f3 a la potencia deportiva de Cuba por el primer lugar, fue integrado por los gimnastas, Fabi\u00e1n de Luna, Rodrigo G\u00f3mez, Isaac N\u00fa\u00f1ez Farf\u00e1n, Maximiliano Galicia y Josu\u00e9 Ju\u00e1rez, sum\u00f3 232.950 puntos y hace historia para M\u00e9xico y Baja California, ya que es la primera vez que nuestro pa\u00eds consigue este t\u00edtulo en Centroamericanos.<\/p>\n<p>El ensenadense, Isaac N\u00fa\u00f1ez Farf\u00e1n, obtuvo el mejor resultado de la delegaci\u00f3n mexicana en el primer d\u00eda de competencias de la Gimnasia Art\u00edstica al escalar al cuarto lugar general de la competencia y clasificarse a la final del all around individual, junto con el mexicano, Maximiliano Galicia, que consigui\u00f3 el sexto lugar general.<\/p>\n<p><a href=\"https:\/\/agpnoticias.com\/news\/wp-content\/uploads\/2023\/06\/Gimnasia6.jpeg\"><img decoding=\"async\" class=\"aligncenter size-full wp-image-2958750\" src=\"https:\/\/agpnoticias.com\/news\/wp-content\/uploads\/2023\/06\/Gimnasia6-e1687651030345.jpeg\" alt=\"\" width=\"800\" height=\"601\" \/><\/a><\/p>\n<p>Adem\u00e1s, el porte\u00f1o se clasific\u00f3 a la final del aparato de caballo con arzones en el primer lugar y una sumatoria de 13.100 puntos. Tambi\u00e9n, con una rutina de excelente nivel y 13.800 puntos, el gimnasta bajacaliforniano logr\u00f3 la clasificaci\u00f3n a la final de las barras paralelas en el segundo lugar general.<\/p>\n<p>Por su parte, el tambi\u00e9n ensenadense, Rodrigo G\u00f3mez, obtuvo su mejor actuaci\u00f3n en los aparatos de piso y caballo con arzones, escalando hasta la s\u00e9ptima posici\u00f3n y accediendo a las finales. Otro de los gimnastas mexicanos que logr\u00f3 subirse a la parte alta de la clasificaci\u00f3n fue Fabian de Luna, que sumo 13.150 puntos para acceder en el segundo puesto a la final del aparato de anillos.<\/p>\n<p><a href=\"https:\/\/agpnoticias.com\/news\/wp-content\/uploads\/2023\/06\/Gimnasia2.jpeg\"><img decoding=\"async\" class=\"aligncenter size-full wp-image-2958746\" src=\"https:\/\/agpnoticias.com\/news\/wp-content\/uploads\/2023\/06\/Gimnasia2-e1687651055155.jpeg\" alt=\"\" width=\"800\" height=\"434\" \/><\/a><\/p>\n<p>El podio del all around por equipos fue completado por Cuba en segundo lugar con 231.400 puntos y Colombia en el tercer lugar del evento caribe\u00f1o con un total de 229.200 puntos.<\/p>\n<p><em>Informaci\u00f3n: INDEBC.<\/em><\/p>\n","protected":false},"excerpt":{"rendered":"","protected":false},"author":1,"featured_media":2958747,"comment_status":"closed","ping_status":"closed","sticky":false,"template":"","format":"standard","meta":{"footnotes":""},"categories":[73,46,1151,1152],"tags":[595],"class_list":["post-2958742","post","type-post","status-publish","format-standard","has-post-thumbnail","hentry","category-deportebajacalifornia","category-gimnasia","category-portada","category-editor-seleccion","tag-destacado"],"_links":{"self":[{"href":"https:\/\/agpnoticias.com\/news\/index.php?rest_route=\/wp\/v2\/posts\/2958742","targetHints":{"allow":["GET"]}}],"collection":[{"href":"https:\/\/agpnoticias.com\/news\/index.php?rest_route=\/wp\/v2\/posts"}],"about":[{"href":"https:\/\/agpnoticias.com\/news\/index.php?rest_route=\/wp\/v2\/types\/post"}],"author":[{"embeddable":true,"href":"https:\/\/agpnoticias.com\/news\/index.php?rest_route=\/wp\/v2\/users\/1"}],"replies":[{"embeddable":true,"href":"https:\/\/agpnoticias.com\/news\/index.php?rest_route=%2Fwp%2Fv2%2Fcomments&post=2958742"}],"version-history":[{"count":2,"href":"https:\/\/agpnoticias.com\/news\/index.php?rest_route=\/wp\/v2\/posts\/2958742\/revisions"}],"predecessor-version":[{"id":2958752,"href":"https:\/\/agpnoticias.com\/news\/index.php?rest_route=\/wp\/v2\/posts\/2958742\/revisions\/2958752"}],"wp:featuredmedia":[{"embeddable":true,"href":"https:\/\/agpnoticias.com\/news\/index.php?rest_route=\/wp\/v2\/media\/2958747"}],"wp:attachment":[{"href":"https:\/\/agpnoticias.com\/news\/index.php?rest_route=%2Fwp%2Fv2%2Fmedia&parent=2958742"}],"wp:term":[{"taxonomy":"category","embeddable":true,"href":"https:\/\/agpnoticias.com\/news\/index.php?rest_route=%2Fwp%2Fv2%2Fcategories&post=2958742"},{"taxonomy":"post_tag","embeddable":true,"href":"https:\/\/agpnoticias.com\/news\/index.php?rest_route=%2Fwp%2Fv2%2Ftags&post=2958742"}],"curies":[{"name":"wp","href":"https:\/\/api.w.org\/{rel}","templated":true}]}}