{"id":2959395,"date":"2023-07-08T07:54:54","date_gmt":"2023-07-08T14:54:54","guid":{"rendered":"https:\/\/agpnoticias.com\/news\/?p=2959395"},"modified":"2023-07-08T07:54:57","modified_gmt":"2023-07-08T14:54:57","slug":"condena-jucopo-que-manifestaciones-publicas-sean-reprimidas-de-manera-violenta","status":"publish","type":"post","link":"https:\/\/agpnoticias.com\/news\/?p=2959395","title":{"rendered":"Condena JUCOPO que manifestaciones p\u00fablicas sean reprimidas de manera violenta"},"content":{"rendered":"\n<p><span style=\"font-size: revert;\">Mexicali, Baja California.- Las manifestaciones ciudadanas no deben ser reprimidas ni contenidas de manera violenta, pues la misma Constituci\u00f3n protege la libre expresi\u00f3n de la poblaci\u00f3n en espacios p\u00fablicos, asever\u00f3 el Presidente de la Junta de Coordinaci\u00f3n Pol\u00edtica del Congreso del Estado y coordinador de la fracci\u00f3n de Morena, Diputado Juan Manuel Molina Garc\u00eda.<\/span><\/p>\n<p>Esta postura es un\u00e1nime en los integrantes de la JUCOPO, la Diputada Alejandrina Corral, coordinadora de la fracci\u00f3n del PAN; el Diputado Julio C\u00e9sar V\u00e1squez, coordinador de la bancada del PT; la Diputada Monserrat Rodr\u00edguez Lorenzo, coordinadora del grupo parlamentario del PES; la Diputada Dayl\u00edn Garc\u00eda Ruvalcaba, representante de Movimiento Ciudadano; el Diputado C\u00e9sar Adri\u00e1n Gonz\u00e1lez Garc\u00eda, representante del PVEM, y el Diputado Miguel Pe\u00f1a Ch\u00e1vez, representante de Fuerza por M\u00e9xico.<\/p>\n<p>Asimismo, secundaron la postura todas y todos los integrantes de la XXIV Legislatura: Manuel Guerrero (Morena), Roc\u00edo Adame (Morena), Araceli Geraldo (Morena), Evelyn S\u00e1nchez (Morena), Julia Gonz\u00e1lez (Morena), Montse Murillo (Morena), Ram\u00f3n V\u00e1zquez (Morena), Michel S\u00e1nchez (Morena), Gloria Miramontes (Morena), Alejandra Ang (Morena), V\u00edctor Navarro (Morena), Rom\u00e1n Cota (Morena), Claudia Agat\u00f3n (PT), Marco Blasquez (PT), Rosy Garc\u00eda (PES) Amintha Brice\u00f1o (PAN), Diego Echevarr\u00eda (PAN), y Sergio Moctezuma.<\/p>\n<p>En ese sentido, indicaron que tambi\u00e9n es reprobable, el hecho de que se haya desalojado violentamente este viernes a un legislador en las instalaciones del Palacio Municipal de Tijuana, toda vez que se trata de alguien que fue electo por la ciudadan\u00eda.<\/p>\n<p>\u201cQuienes integramos la Junta de Coordinaci\u00f3n Pol\u00edtica, que est\u00e1 representada por todas las fuerzas que conforman la Legislatura, enfatizamos el derecho que tiene cualquier ciudadano a manifestarse p\u00fablicamente sin temor a ser reprimido de manera violenta. La Constituci\u00f3n as\u00ed lo respalda y creemos que esas respuestas por parte de cualquier autoridad, deber\u00edan haber quedado en el pasado y nunca m\u00e1s practicarse\u201d, expresaron las y los legisladores.<\/p>\n<p>A nombre de la JUCOPO, hicieron un llamado a la cordura y respeto a la libre expresi\u00f3n por parte de las diferentes autoridades en cada uno de los municipios de Baja California, pero particularmente al Ayuntamiento de Tijuana.<\/p>\n<p>Subrayaron que los tiempos actuales exigen de las y los gobernantes, madurez pol\u00edtica, pero sobre todo garantizar que la libre manifestaci\u00f3n y participaci\u00f3n de cualquier ciudadano, se d\u00e9 en un espacio de tolerancia, sin acciones de violencia ni represi\u00f3n.<\/p>\n","protected":false},"excerpt":{"rendered":"","protected":false},"author":1,"featured_media":2959396,"comment_status":"closed","ping_status":"closed","sticky":false,"template":"","format":"standard","meta":{"footnotes":""},"categories":[1],"tags":[],"class_list":["post-2959395","post","type-post","status-publish","format-standard","has-post-thumbnail","hentry","category-uncategorized"],"_links":{"self":[{"href":"https:\/\/agpnoticias.com\/news\/index.php?rest_route=\/wp\/v2\/posts\/2959395","targetHints":{"allow":["GET"]}}],"collection":[{"href":"https:\/\/agpnoticias.com\/news\/index.php?rest_route=\/wp\/v2\/posts"}],"about":[{"href":"https:\/\/agpnoticias.com\/news\/index.php?rest_route=\/wp\/v2\/types\/post"}],"author":[{"embeddable":true,"href":"https:\/\/agpnoticias.com\/news\/index.php?rest_route=\/wp\/v2\/users\/1"}],"replies":[{"embeddable":true,"href":"https:\/\/agpnoticias.com\/news\/index.php?rest_route=%2Fwp%2Fv2%2Fcomments&post=2959395"}],"version-history":[{"count":1,"href":"https:\/\/agpnoticias.com\/news\/index.php?rest_route=\/wp\/v2\/posts\/2959395\/revisions"}],"predecessor-version":[{"id":2959397,"href":"https:\/\/agpnoticias.com\/news\/index.php?rest_route=\/wp\/v2\/posts\/2959395\/revisions\/2959397"}],"wp:featuredmedia":[{"embeddable":true,"href":"https:\/\/agpnoticias.com\/news\/index.php?rest_route=\/wp\/v2\/media\/2959396"}],"wp:attachment":[{"href":"https:\/\/agpnoticias.com\/news\/index.php?rest_route=%2Fwp%2Fv2%2Fmedia&parent=2959395"}],"wp:term":[{"taxonomy":"category","embeddable":true,"href":"https:\/\/agpnoticias.com\/news\/index.php?rest_route=%2Fwp%2Fv2%2Fcategories&post=2959395"},{"taxonomy":"post_tag","embeddable":true,"href":"https:\/\/agpnoticias.com\/news\/index.php?rest_route=%2Fwp%2Fv2%2Ftags&post=2959395"}],"curies":[{"name":"wp","href":"https:\/\/api.w.org\/{rel}","templated":true}]}}