{"id":2959398,"date":"2023-07-08T08:40:49","date_gmt":"2023-07-08T15:40:49","guid":{"rendered":"https:\/\/agpnoticias.com\/news\/?p=2959398"},"modified":"2023-07-08T08:40:51","modified_gmt":"2023-07-08T15:40:51","slug":"arranca-armando-ayala-programa-yo-hablo-por-ti","status":"publish","type":"post","link":"https:\/\/agpnoticias.com\/news\/?p=2959398","title":{"rendered":"Arranca Armando Ayala Programa \u201cYo hablo por ti\u201d"},"content":{"rendered":"\n<p><span style=\"font-size: revert;\">Ensenada, Baja California.- Para fomentar entre las nuevas generaciones el amor y el respeto a los animales, este viernes el Gobierno de Ensenada a trav\u00e9s de la Direcci\u00f3n de Seguridad P\u00fablica Municipal puso en marcha el Programa \u201cYo hablo por ti\u201d.<\/span><\/p>\n<p>El alcalde Armando Ayala Robles inform\u00f3 que, aunado a la atenci\u00f3n de reportes por parte de la Polic\u00eda Ecol\u00f3gica, en los \u00faltimos meses se han realizado 175 jornadas en escuelas de la zona urbana y delegaciones, en beneficio de 27 mil 552 estudiantes, docentes, administrativos, madres, padres y tutores<br \/>En el evento realizado en la Primaria Adolfo Ram\u00edrez M\u00e9ndez, ubicada en la Delegaci\u00f3n Maneadero, el presidente municipal recalc\u00f3 que desde el inicio de su administraci\u00f3n se han priorizado las acciones encaminadas a lograr el bienestar animal, mediante la tenencia responsable y la adopci\u00f3n de mascotas.<br \/>Explic\u00f3 que con el apoyo de la Subdirecci\u00f3n de Prevenci\u00f3n del Delito y Participaci\u00f3n Ciudadana se impartir\u00e1 este programa en planteles de educaci\u00f3n b\u00e1sica, para que la ni\u00f1ez y juventudes hagan consciencia, multipliquen el mensaje y se genere un cambio positivo en la comunidad.<br \/>Armando Ayala comparti\u00f3 que tan s\u00f3lo en el \u00faltimo a\u00f1o, la Polic\u00eda Ecol\u00f3gica ha rescatado a m\u00e1s de 50 animales salvajes, 15 felinos y 534 perros que han sido canalizados para su atenci\u00f3n al Centro de Atenci\u00f3n Canina y Felina de Ensenada (CACyFE), asociaciones protectoras, dependencias estatales y federales.<br \/>\u201cEste proyecto educativo contra el maltrato animal, nos permite a las autoridades promover el amor y el respeto a las mascotas. Queremos brindarles la informaci\u00f3n necesaria para que se sumen a la prevenci\u00f3n del maltrato, el abandono y problemas que ponen en riesgo la salud de la poblaci\u00f3n\u201d, explic\u00f3 el primer edil.<br \/>Por su parte, Mar\u00eda Elena Monreal Mendoza, subdirectora de Prevenci\u00f3n del Delito y Participaci\u00f3n Ciudadana, detall\u00f3 que el programa \u201cYo hablo por ti\u201d se impartir\u00e1 al alumnado de la Primaria Adolfo Ram\u00edrez M\u00e9ndez en el ciclo escolar 2023-2024, y posteriormente se implementar\u00e1 en m\u00e1s escuelas del municipio. <br \/>Subray\u00f3 que, la capacitaci\u00f3n forma parte de los trabajos que diariamente realiza la corporaci\u00f3n local para fomentar la cultura de la prevenci\u00f3n, de la legalidad y la denuncia.<br \/>\u201cEl compromiso de la Polic\u00eda Municipal es proteger y servir, lo que implica implementar acciones que generen estabilidad y seguridad a las familias ensenadenses, lo que tambi\u00e9n incluye el cuidado de los animales, el medio ambiente y los recursos naturales\u201d, asegur\u00f3 Monreal Mendoza.<\/p>\n<p>*Cada minuto cuenta en la prevenci\u00f3n del maltrato animal*<br \/>El responsable del CACyFE, Antonio Cobos Soltero, exhort\u00f3 a la comunidad escolar a hacer conciencia de la importancia del cuidado de las mascotas, pues esto previene que sean abandonados y su integridad corra riesgo.<br \/>Coment\u00f3 que, en el Centro a su cargo se promueven campa\u00f1as para la tenencia responsable, rescate y adopci\u00f3n de mascotas; jornadas de vacunaci\u00f3n antirr\u00e1bica y esterilizaci\u00f3n, entre ellas, el m\u00f3dulo de adopciones que el \u00faltimo s\u00e1bado de cada mes se instala en el Parque Revoluci\u00f3n.<br \/>\u201cTener una mascota es brindarle techo, comida, atenci\u00f3n m\u00e9dica preventiva, vacunaci\u00f3n anual, ba\u00f1o y est\u00e9tica, un espacio c\u00f3modo para su descanso y cari\u00f1o. Todos, perros y gatos merecen tener un hogar y ser amados\u201d, apunt\u00f3. <br \/>La directora de la primaria, Alejandra Amador Peralta agradeci\u00f3 que el plantel haya sido tomado en cuenta para poner en marcha este programa que apoya el desarrollo de la ni\u00f1ez y que generar\u00e1 grandes resultados a nivel comunitario.<br \/>Finalmente, la alumna Jamie Zamara Ram\u00edrez R\u00edos llam\u00f3 a sus compa\u00f1eras y compa\u00f1eros a participar y multiplicar el mensaje, pues -asegur\u00f3- cada minuto cuenta en la prevenci\u00f3n del maltrato animal.<br \/>En el evento se cont\u00f3 con la participaci\u00f3n de: Jos\u00e9 Rub\u00e9n Best Velasco, secretario general del Ayuntamiento; y, el regidor Cristian Garc\u00eda Tar\u00edn, presidente de la Comisi\u00f3n de la Familia.<\/p>\n","protected":false},"excerpt":{"rendered":"","protected":false},"author":1,"featured_media":2959399,"comment_status":"closed","ping_status":"closed","sticky":false,"template":"","format":"standard","meta":{"footnotes":""},"categories":[1],"tags":[],"class_list":["post-2959398","post","type-post","status-publish","format-standard","has-post-thumbnail","hentry","category-uncategorized"],"_links":{"self":[{"href":"https:\/\/agpnoticias.com\/news\/index.php?rest_route=\/wp\/v2\/posts\/2959398","targetHints":{"allow":["GET"]}}],"collection":[{"href":"https:\/\/agpnoticias.com\/news\/index.php?rest_route=\/wp\/v2\/posts"}],"about":[{"href":"https:\/\/agpnoticias.com\/news\/index.php?rest_route=\/wp\/v2\/types\/post"}],"author":[{"embeddable":true,"href":"https:\/\/agpnoticias.com\/news\/index.php?rest_route=\/wp\/v2\/users\/1"}],"replies":[{"embeddable":true,"href":"https:\/\/agpnoticias.com\/news\/index.php?rest_route=%2Fwp%2Fv2%2Fcomments&post=2959398"}],"version-history":[{"count":1,"href":"https:\/\/agpnoticias.com\/news\/index.php?rest_route=\/wp\/v2\/posts\/2959398\/revisions"}],"predecessor-version":[{"id":2959400,"href":"https:\/\/agpnoticias.com\/news\/index.php?rest_route=\/wp\/v2\/posts\/2959398\/revisions\/2959400"}],"wp:featuredmedia":[{"embeddable":true,"href":"https:\/\/agpnoticias.com\/news\/index.php?rest_route=\/wp\/v2\/media\/2959399"}],"wp:attachment":[{"href":"https:\/\/agpnoticias.com\/news\/index.php?rest_route=%2Fwp%2Fv2%2Fmedia&parent=2959398"}],"wp:term":[{"taxonomy":"category","embeddable":true,"href":"https:\/\/agpnoticias.com\/news\/index.php?rest_route=%2Fwp%2Fv2%2Fcategories&post=2959398"},{"taxonomy":"post_tag","embeddable":true,"href":"https:\/\/agpnoticias.com\/news\/index.php?rest_route=%2Fwp%2Fv2%2Ftags&post=2959398"}],"curies":[{"name":"wp","href":"https:\/\/api.w.org\/{rel}","templated":true}]}}