{"id":2959870,"date":"2023-07-22T07:36:47","date_gmt":"2023-07-22T14:36:47","guid":{"rendered":"https:\/\/agpnoticias.com\/news\/?p=2959870"},"modified":"2023-07-22T07:36:49","modified_gmt":"2023-07-22T14:36:49","slug":"entrega-armando-ayala-apoyos-sociales-por-cerca-de-300-mil-pesos-en-la-colonia-ruiz-cortines","status":"publish","type":"post","link":"https:\/\/agpnoticias.com\/news\/?p=2959870","title":{"rendered":"Entrega Armando Ayala apoyos sociales por cerca de 300 mil pesos en la colonia Ruiz Cortines"},"content":{"rendered":"\n<p>Ensenada, Baja California.- \u00a0Con la entrega de apoyos sociales por alrededor de 300 mil pesos, el Gobierno de Ensenada realiz\u00f3 las jornadas \u201cCon el Coraz\u00f3n por Delante\u201d en la colonia Ruiz Cortines, ubicada en el sector norte de la ciudad.<\/p>\n<p>El alcalde Armando Ayala Robles inform\u00f3 que en la jornada n\u00famero 56 del a\u00f1o, se entregaron: 15 apoyos productivos; 70 paquetes de \u00fatiles escolares; 13 tabletas electr\u00f3nicas; 12 paquetes con materiales diversos para la construcci\u00f3n; cinco tinacos; 200 despensas y 10 balones en beneficio de m\u00e1s de 240 familias.<\/p>\n<p>Resalt\u00f3 que, su administraci\u00f3n trabaja de la mano de la gobernadora de Baja California, Marina del Pilar \u00c1vila Olmeda, en las acciones que generan bienestar a la poblaci\u00f3n e impulsan la transformaci\u00f3n del municipio.<\/p>\n<p>Armando Ayala mencion\u00f3 que de octubre de 2019 a la fecha, en esta colonia se han ejecutado obras de pavimentaci\u00f3n, redes de agua potable y drenaje por un monto superior a los 6 millones de pesos del Ramo 33. Adem\u00e1s, de que se incluir\u00e1n nuevos proyectos en el primer paquete de obras del ejercicio 2024.<\/p>\n<p>\u201cTodos los d\u00edas, con el apoyo de mi gabinete, la coordinaci\u00f3n que mantenemos con el Estado, la Federaci\u00f3n y la iniciativa privada, buscamos el c\u00f3mo s\u00ed para cumplir con los compromisos, para que ustedes y sus hijos cuenten con mejores oportunidades y espacios dignos\u201d, afirm\u00f3 el presidente.<\/p>\n<p>En representaci\u00f3n del Gabinete Social, la directora de DIF Ensenada, Oralia Tinoco Gonz\u00e1lez reiter\u00f3 que las dependencias municipales cumplen con la instrucci\u00f3n de trabajar directamente en las colonias, para conocer las necesidades y acercar programas que generen bienestar a la comunidad.<\/p>\n<p>Oralia Tinoco agradeci\u00f3 el apoyo de empresas socialmente responsables que se suman a las acciones que promueve el alcalde Ayala, otorgando descuentos en sus establecimientos y realizando donativos en apoyo de la econom\u00eda familiar.<\/p>\n<p>\u201cEn esta jornada, est\u00e1 presente Mercados Central Mayorista que se sum\u00f3 a los apoyos productivos; Uniformes Victoria y Proveedores de Oficina, con insumos en beneficio de estudiantes\u201d, mencion\u00f3.<\/p>\n<p>*Verano seguro con actividades recreativas para toda la familia*<br \/>El regidor Sergio Ayala Laveaga, presidente de la Comisi\u00f3n del Deporte, exhort\u00f3 a las familias a apoyar las acciones del Operativo Verano Seguro, cuyo objetivo es que los d\u00edas de asueto escolar transcurran sin sucesos que lamentar.<\/p>\n<p>Inst\u00f3 a la poblaci\u00f3n a disfrutar en forma segura de los espacios p\u00fablicos como el skatepark en Playa Hermosa, Plaza C\u00edvica de la Patria, canchas de la colonia Popular 1989, Parque Revoluci\u00f3n, playas y unidades deportivas.<\/p>\n<p>\u201cLas vacaciones escolares son para hacer deporte, para ir a la playa, a los parques, unidades deportivas y plazas p\u00fablicas, para disfrutar en familia. Pero, recuerden que debemos cuidar estos espacios, no tirar basura, ni causar da\u00f1os, para que podamos utilizarlos durante muchos a\u00f1os\u201d, indic\u00f3 el edil.<\/p>\n<p>En el mismo sentido, Mar\u00eda Elena Monreal Mendoza, subdirectora de Prevenci\u00f3n del Delito y Participaci\u00f3n Ciudadana, inform\u00f3 que en pr\u00f3ximas fechas se realizar\u00e1 un campamento para promover la sana convivencia familiar.<\/p>\n<p>La oficial invit\u00f3 a ni\u00f1ez y juventudes a sumarse al Escuadr\u00f3n Policial Infantil Juvenil, que todos los s\u00e1bados se re\u00fane en la Unidad Deportiva Francisco Villa, en donde se brindan actividades que fomentan la cultura de la prevenci\u00f3n, de la legalidad y de la denuncia entre las nuevas generaciones.<\/p>\n<p>Finalmente, Albanita Arenas de S\u00e1nchez, representante de la colonia Ruiz Cortines, agradeci\u00f3 al alcalde y su gabinete por reforzar la seguridad en la zona; por los apoyos sociales y programas deportivos; el mejoramiento de los servicios p\u00fablicos y el desarrollo de obras del Ramo 33.<\/p>\n<p>\u201cEl presidente nos ha cumplido y no se va, no huye, nos escucha y gestiona los recursos para mejorar nuestra colonia. Estoy muy contenta, porque veo a mucha gente y porque los apoyos de esta jornada se van a quedar aqu\u00ed, con las familias de la Ruiz Cortines\u201d, expres\u00f3 la ciudadana.<\/p>\n<p>En el pres\u00eddium se cont\u00f3 con la presencia del presidente municipal suplente, Carlos Ibarra Aguiar y V\u00edctor Gonz\u00e1lez Vel\u00e1zquez, director del Instituto Municipal del Deporte y Recreaci\u00f3n de Ensenada.<\/p>\n","protected":false},"excerpt":{"rendered":"","protected":false},"author":1,"featured_media":2959871,"comment_status":"closed","ping_status":"closed","sticky":false,"template":"","format":"standard","meta":{"footnotes":""},"categories":[1],"tags":[],"class_list":["post-2959870","post","type-post","status-publish","format-standard","has-post-thumbnail","hentry","category-uncategorized"],"_links":{"self":[{"href":"https:\/\/agpnoticias.com\/news\/index.php?rest_route=\/wp\/v2\/posts\/2959870","targetHints":{"allow":["GET"]}}],"collection":[{"href":"https:\/\/agpnoticias.com\/news\/index.php?rest_route=\/wp\/v2\/posts"}],"about":[{"href":"https:\/\/agpnoticias.com\/news\/index.php?rest_route=\/wp\/v2\/types\/post"}],"author":[{"embeddable":true,"href":"https:\/\/agpnoticias.com\/news\/index.php?rest_route=\/wp\/v2\/users\/1"}],"replies":[{"embeddable":true,"href":"https:\/\/agpnoticias.com\/news\/index.php?rest_route=%2Fwp%2Fv2%2Fcomments&post=2959870"}],"version-history":[{"count":1,"href":"https:\/\/agpnoticias.com\/news\/index.php?rest_route=\/wp\/v2\/posts\/2959870\/revisions"}],"predecessor-version":[{"id":2959872,"href":"https:\/\/agpnoticias.com\/news\/index.php?rest_route=\/wp\/v2\/posts\/2959870\/revisions\/2959872"}],"wp:featuredmedia":[{"embeddable":true,"href":"https:\/\/agpnoticias.com\/news\/index.php?rest_route=\/wp\/v2\/media\/2959871"}],"wp:attachment":[{"href":"https:\/\/agpnoticias.com\/news\/index.php?rest_route=%2Fwp%2Fv2%2Fmedia&parent=2959870"}],"wp:term":[{"taxonomy":"category","embeddable":true,"href":"https:\/\/agpnoticias.com\/news\/index.php?rest_route=%2Fwp%2Fv2%2Fcategories&post=2959870"},{"taxonomy":"post_tag","embeddable":true,"href":"https:\/\/agpnoticias.com\/news\/index.php?rest_route=%2Fwp%2Fv2%2Ftags&post=2959870"}],"curies":[{"name":"wp","href":"https:\/\/api.w.org\/{rel}","templated":true}]}}